{"id":75212,"date":"2021-09-25T18:03:28","date_gmt":"2021-09-25T21:03:28","guid":{"rendered":"https:\/\/blogdoedvaldomagalhaes.com.br\/?p=75212"},"modified":"2021-09-25T18:03:29","modified_gmt":"2021-09-25T21:03:29","slug":"em-ato-de-filiacao-miguel-coelho-reune-33-prefeitos-e-pede-uniao-pela-mudanca-em-pernambuco","status":"publish","type":"post","link":"https:\/\/blogdoedvaldomagalhaes.com.br\/index.php\/2021\/09\/25\/em-ato-de-filiacao-miguel-coelho-reune-33-prefeitos-e-pede-uniao-pela-mudanca-em-pernambuco\/","title":{"rendered":"Em ato de filia\u00e7\u00e3o, Miguel Coelho re\u00fane 33 prefeitos e pede uni\u00e3o pela mudan\u00e7a em Pernambuco"},"content":{"rendered":"<p style=\"text-align: justify;\"><span style=\"font-size: inherit;\">Em um evento prestigiado por lideran\u00e7as de todas as regi\u00f5es do Estado, o prefeito de Petrolina, Miguel Coelho, se filiou oficialmente ao partido Democratas. O evento realizado, neste s\u00e1bado (25), no Recife, teve a presen\u00e7a de 34 prefeitos, sendo 4 deles de fora de Pernambuco. O encontro pol\u00edtico teve cerca de 500 pessoas e foi marcado por discursos pedindo unidade e mudan\u00e7a.<\/span><\/p>\n<p style=\"text-align: justify;\">Numa demonstra\u00e7\u00e3o de congrega\u00e7\u00e3o de for\u00e7as pol\u00edticas de v\u00e1rias cores e bandeiras, o encontro partid\u00e1rio teve lideran\u00e7as de 9 siglas: DEM, MDB, PSB, PSL, PP, Podemos, Avante, PSDB e PV. Entre os principais nomes, estavam o presidente nacional do Democratas, ACM Neto, o vice-presidente do PSL, Ant\u00f4nio Rueda; o presidente estadual do DEM, Mendon\u00e7a Filho, os prefeitos de Florian\u00f3polis, Gean Loureiro, de Salvador, Bruno Reis; e de Campina Grande, Bruno Cunha Lima.<\/p>\n<p style=\"text-align: justify;\">Miguel Coelho fez um discurso contundente, pregando a necessidade da uni\u00e3o para mudar a situa\u00e7\u00e3o do Estado. &#8220;Chego hoje ao Democratas para honrar os valores do partido e para iniciar um novo projeto de mudan\u00e7a. N\u00e3o concordamos com o que est\u00e1 a\u00ed colocado. Precisamos ter uma palavra de ordem: humildade. Ningu\u00e9m vai mudar Pernambuco sozinho. Temos que ter humildade para ouvir, aprender e unir o nosso estado. Que possamos levar esse sentimento de mudan\u00e7a para todas as regi\u00f5es, n\u00e3o um projeto de partido, ou de um pol\u00edtico, mas de pessoas que querem um Pernambuco forte, l\u00edder e mais humano&#8221;.<\/p>\n<p style=\"text-align: justify;\">O presidente do Democratas, ACM Neto, foi o respons\u00e1vel por abonar a ficha de filia\u00e7\u00e3o de Miguel junto com o ex-ministro Mendon\u00e7a Filho. O ex-prefeito de Salvador elogiou o hist\u00f3rico do novo filiado ao DEM e demonstrou esperan\u00e7a no projeto do partido para o futuro de Pernambuco. &#8220;Petrolina consagrou a primeira gest\u00e3o de Miguel. Um gestor p\u00fablico que nos orgulha. Muito mais que qualquer palavra que eu possa falar neste encontro, o reconhecimento do seu povo o qualifica para seguir uma nova jornada na sua nova vida p\u00fablica&#8221;, disse o pol\u00edtico baiano.<\/p>\n<p style=\"text-align: justify;\">O tom de esperan\u00e7a tamb\u00e9m foi adotado pelo presidente estadual do DEM, Mendon\u00e7a Filho. O ex-ministro da Educa\u00e7\u00e3o acredita que o partido est\u00e1 pronto para liderar um projeto majorit\u00e1rio que renove Pernambuco em 2022. &#8220;A gente tem muita f\u00e9 de que ele vai tocar o cora\u00e7\u00e3o do povo, apresentar boas ideias, propostas, num di\u00e1logo aberto para que a gente possa mudar Pernambuco. A gente vai ajudar onde quer que a gente esteja, no Agreste, na Mata, no Sert\u00e3o ou mesmo aqui na capital pernambucana e regi\u00e3o metropolitana do estado&#8221;, refor\u00e7ou Mendon\u00e7a Filho.<\/p>\n<p style=\"text-align: justify;\">Com a filia\u00e7\u00e3o oficializada, o prefeito de Petrolina pretende percorrer todos os munic\u00edpios de Pernambuco para debater propostas e articular alian\u00e7as pol\u00edticas. &#8220;N\u00e3o vamos fazer Pernambuco mudar conhecendo o Estado pela televis\u00e3o ou pelas redes sociais. Temos que ir em campo, debater o Pernambuco de verdade, n\u00e3o o da propaganda que est\u00e1 a\u00ed. Por isso, vamos conversar, unir e buscar a alian\u00e7a de todos os pernambucanos pela esperan\u00e7a da mudan\u00e7a&#8221;, enfatizou o prefeito Miguel Coelho.<\/p>\n\n\n<figure class=\"wp-block-image size-large\"><img loading=\"lazy\" decoding=\"async\" width=\"1024\" height=\"576\" src=\"https:\/\/blogdoedvaldomagalhaes.com.br\/wp-content\/uploads\/2021\/09\/IMG-20210925-WA0230-1024x576.jpg\" alt=\"\" class=\"wp-image-75214\" srcset=\"https:\/\/blogdoedvaldomagalhaes.com.br\/wp-content\/uploads\/2021\/09\/IMG-20210925-WA0230-1024x576.jpg 1024w, https:\/\/blogdoedvaldomagalhaes.com.br\/wp-content\/uploads\/2021\/09\/IMG-20210925-WA0230-300x169.jpg 300w, https:\/\/blogdoedvaldomagalhaes.com.br\/wp-content\/uploads\/2021\/09\/IMG-20210925-WA0230-768x432.jpg 768w, https:\/\/blogdoedvaldomagalhaes.com.br\/wp-content\/uploads\/2021\/09\/IMG-20210925-WA0230-1140x641.jpg 1140w, https:\/\/blogdoedvaldomagalhaes.com.br\/wp-content\/uploads\/2021\/09\/IMG-20210925-WA0230-720x405.jpg 720w, https:\/\/blogdoedvaldomagalhaes.com.br\/wp-content\/uploads\/2021\/09\/IMG-20210925-WA0230.jpg 1280w\" sizes=\"auto, (max-width: 1024px) 100vw, 1024px\" \/><\/figure>\n","protected":false},"excerpt":{"rendered":"<p>Em um evento prestigiado por lideran\u00e7as de todas as regi\u00f5es do Estado, o prefeito de Petrolina, Miguel Coelho, se filiou&hellip;<\/p>\n","protected":false},"author":1,"featured_media":75213,"comment_status":"open","ping_status":"open","sticky":false,"template":"","format":"standard","meta":{"footnotes":""},"categories":[14122],"tags":[2,19532,3406,8583,22914,20],"class_list":["post-75212","post","type-post","status-publish","format-standard","has-post-thumbnail","hentry","category-politica","tag-blog-do-edvaldo-magalhaes","tag-blog-mais-acessado-e-visualizado-de-caruaru-e-regiao","tag-caruaru","tag-dem","tag-em-ato-de-filiacao-miguel-coelho-reune-33-prefeitos-e-pede-uniao-pela-mudanca-em-pernambuco","tag-politica"],"_links":{"self":[{"href":"https:\/\/blogdoedvaldomagalhaes.com.br\/index.php\/wp-json\/wp\/v2\/posts\/75212","targetHints":{"allow":["GET"]}}],"collection":[{"href":"https:\/\/blogdoedvaldomagalhaes.com.br\/index.php\/wp-json\/wp\/v2\/posts"}],"about":[{"href":"https:\/\/blogdoedvaldomagalhaes.com.br\/index.php\/wp-json\/wp\/v2\/types\/post"}],"author":[{"embeddable":true,"href":"https:\/\/blogdoedvaldomagalhaes.com.br\/index.php\/wp-json\/wp\/v2\/users\/1"}],"replies":[{"embeddable":true,"href":"https:\/\/blogdoedvaldomagalhaes.com.br\/index.php\/wp-json\/wp\/v2\/comments?post=75212"}],"version-history":[{"count":1,"href":"https:\/\/blogdoedvaldomagalhaes.com.br\/index.php\/wp-json\/wp\/v2\/posts\/75212\/revisions"}],"predecessor-version":[{"id":75215,"href":"https:\/\/blogdoedvaldomagalhaes.com.br\/index.php\/wp-json\/wp\/v2\/posts\/75212\/revisions\/75215"}],"wp:featuredmedia":[{"embeddable":true,"href":"https:\/\/blogdoedvaldomagalhaes.com.br\/index.php\/wp-json\/wp\/v2\/media\/75213"}],"wp:attachment":[{"href":"https:\/\/blogdoedvaldomagalhaes.com.br\/index.php\/wp-json\/wp\/v2\/media?parent=75212"}],"wp:term":[{"taxonomy":"category","embeddable":true,"href":"https:\/\/blogdoedvaldomagalhaes.com.br\/index.php\/wp-json\/wp\/v2\/categories?post=75212"},{"taxonomy":"post_tag","embeddable":true,"href":"https:\/\/blogdoedvaldomagalhaes.com.br\/index.php\/wp-json\/wp\/v2\/tags?post=75212"}],"curies":[{"name":"wp","href":"https:\/\/api.w.org\/{rel}","templated":true}]}}