{"id":75209,"date":"2021-09-25T15:59:45","date_gmt":"2021-09-25T18:59:45","guid":{"rendered":"https:\/\/blogdoedvaldomagalhaes.com.br\/?p=75209"},"modified":"2021-09-25T15:59:46","modified_gmt":"2021-09-25T18:59:46","slug":"pernambuco-recebeu-mais-de-221-mil-doses-de-vacina-para-reforcar-o-dia-d-de-mobilizacao","status":"publish","type":"post","link":"https:\/\/blogdoedvaldomagalhaes.com.br\/index.php\/2021\/09\/25\/pernambuco-recebeu-mais-de-221-mil-doses-de-vacina-para-reforcar-o-dia-d-de-mobilizacao\/","title":{"rendered":"Pernambuco recebeu mais de 221 mil doses de vacina para refor\u00e7ar o Dia D de mobiliza\u00e7\u00e3o"},"content":{"rendered":"<p style=\"text-align: justify;\">A campanha de imuniza\u00e7\u00e3o em Pernambuco e o Dia D da mobiliza\u00e7\u00e3o para aplica\u00e7\u00e3o da segunda dose, que ocorre neste s\u00e1bado (25.09) em todos os munic\u00edpios do Estado, est\u00e3o sendo refor\u00e7ados com a chegada de mais 177.840 doses da Pfizer\/BioNTech. As vacinas devem ser utilizadas para aplica\u00e7\u00e3o da primeira e tamb\u00e9m da segunda dose em quem precisa completar o esquema vacinal.<\/p>\n<p style=\"text-align: justify;\">Os imunizantes da Pfizer chegaram na noite dessa sexta-feira (24.09), ao Aeroporto Internacional do Recife\/Guararapes \u2013 Gilberto Freyre, e foram encaminhadas \u00e0 sede do Programa Estadual de Imuniza\u00e7\u00e3o (PNI-PE) para checagem, armazenamento e separa\u00e7\u00e3o por munic\u00edpio. Na tarde de hoje outra remessa, com 43.250 doses de vacinas da Astrazeneca\/Fiocruz, tamb\u00e9m chegou a Pernambuco, totalizando, apenas nesta sexta, 221.090 unidades de imunizantes.<\/p>\n<p style=\"text-align: justify;\">Ambos os lotes recebidos hoje foram encaminhados \u00e0s Ger\u00eancias Regionais de Sa\u00fade (Geres) ainda na madrugada deste s\u00e1bado (25.09) para refor\u00e7ar a campanha de mobiliza\u00e7\u00e3o para aplica\u00e7\u00e3o da segunda dose nos munic\u00edpios pernambucanos.<\/p>\n<p style=\"text-align: justify;\">Desde o in\u00edcio da campanha, em janeiro deste ano, Pernambuco j\u00e1 recebeu 12.481.090 doses de vacinas contra a Covid-19. Desse total, foram 4.360.020 da Astrazeneca\/Oxford\/Fiocruz, 4.481.720 da Coronavac\/Butantan, 3.465.540 da Pfizer\/BioNTech e 173.810 da Janssen.<\/p>\n","protected":false},"excerpt":{"rendered":"<p>A campanha de imuniza\u00e7\u00e3o em Pernambuco e o Dia D da mobiliza\u00e7\u00e3o para aplica\u00e7\u00e3o da segunda dose, que ocorre neste&hellip;<\/p>\n","protected":false},"author":1,"featured_media":75210,"comment_status":"open","ping_status":"open","sticky":false,"template":"","format":"standard","meta":{"footnotes":""},"categories":[14120],"tags":[2,19532,3406,17559,19670,22913],"class_list":["post-75209","post","type-post","status-publish","format-standard","has-post-thumbnail","hentry","category-noticias","tag-blog-do-edvaldo-magalhaes","tag-blog-mais-acessado-e-visualizado-de-caruaru-e-regiao","tag-caruaru","tag-covid-19","tag-novo-coronavirus","tag-pernambuco-recebeu-mais-de-221-mil-doses-de-vacina-para-reforcar-o-dia-d-de-mobilizacao"],"_links":{"self":[{"href":"https:\/\/blogdoedvaldomagalhaes.com.br\/index.php\/wp-json\/wp\/v2\/posts\/75209","targetHints":{"allow":["GET"]}}],"collection":[{"href":"https:\/\/blogdoedvaldomagalhaes.com.br\/index.php\/wp-json\/wp\/v2\/posts"}],"about":[{"href":"https:\/\/blogdoedvaldomagalhaes.com.br\/index.php\/wp-json\/wp\/v2\/types\/post"}],"author":[{"embeddable":true,"href":"https:\/\/blogdoedvaldomagalhaes.com.br\/index.php\/wp-json\/wp\/v2\/users\/1"}],"replies":[{"embeddable":true,"href":"https:\/\/blogdoedvaldomagalhaes.com.br\/index.php\/wp-json\/wp\/v2\/comments?post=75209"}],"version-history":[{"count":1,"href":"https:\/\/blogdoedvaldomagalhaes.com.br\/index.php\/wp-json\/wp\/v2\/posts\/75209\/revisions"}],"predecessor-version":[{"id":75211,"href":"https:\/\/blogdoedvaldomagalhaes.com.br\/index.php\/wp-json\/wp\/v2\/posts\/75209\/revisions\/75211"}],"wp:featuredmedia":[{"embeddable":true,"href":"https:\/\/blogdoedvaldomagalhaes.com.br\/index.php\/wp-json\/wp\/v2\/media\/75210"}],"wp:attachment":[{"href":"https:\/\/blogdoedvaldomagalhaes.com.br\/index.php\/wp-json\/wp\/v2\/media?parent=75209"}],"wp:term":[{"taxonomy":"category","embeddable":true,"href":"https:\/\/blogdoedvaldomagalhaes.com.br\/index.php\/wp-json\/wp\/v2\/categories?post=75209"},{"taxonomy":"post_tag","embeddable":true,"href":"https:\/\/blogdoedvaldomagalhaes.com.br\/index.php\/wp-json\/wp\/v2\/tags?post=75209"}],"curies":[{"name":"wp","href":"https:\/\/api.w.org\/{rel}","templated":true}]}}