{"id":75201,"date":"2021-09-25T15:28:23","date_gmt":"2021-09-25T18:28:23","guid":{"rendered":"https:\/\/blogdoedvaldomagalhaes.com.br\/?p=75201"},"modified":"2021-09-25T15:33:16","modified_gmt":"2021-09-25T18:33:16","slug":"semana-nacional-de-transito-com-palestras-educativas-em-caruaru-seguem-ate-terca-feira-28","status":"publish","type":"post","link":"https:\/\/blogdoedvaldomagalhaes.com.br\/index.php\/2021\/09\/25\/semana-nacional-de-transito-com-palestras-educativas-em-caruaru-seguem-ate-terca-feira-28\/","title":{"rendered":"Semana Nacional de Tr\u00e2nsito com palestras educativas em Caruaru seguem at\u00e9 ter\u00e7a-feira (28)"},"content":{"rendered":"<p style=\"text-align: justify;\"><span style=\"font-size: inherit;\">A Autarquia de Mobilidade, Tr\u00e2nsito e Transportes de Caruaru (AMTTC), realizou v\u00e1rias a\u00e7\u00f5es para comemorar a Semana Nacional de Tr\u00e2nsito. Com o tema \u201cRespeito e responsabilidade, pratique no tr\u00e2nsito\u201d, o objetivo foi de incentivar, junto \u00e0 sociedade, uma maior reflex\u00e3o sobre o tema.<\/span><\/p>\n<p style=\"text-align: justify;\">Institu\u00edda pelo C\u00f3digo de Tr\u00e2nsito Brasileiro em 1997, a Semana Nacional de Tr\u00e2nsito promove, por meio da conscientiza\u00e7\u00e3o de condutores, ciclistas e pedestres, um tr\u00e2nsito mais seguro.<\/p>\n<p style=\"text-align: justify;\">A programa\u00e7\u00e3o da Semana Nacional de Tr\u00e2nsito iniciou no s\u00e1bado (18), com uma a\u00e7\u00e3o no Marco Zero. Al\u00e9m da AMTTC, participaram o Detran, equipe da Lei Seca, Motoparts, Departamento de Estradas de Rodagem (DER) e Samu. Ainda na programa\u00e7\u00e3o, o tema tamb\u00e9m foi debatido em forma de palestra, em empresas privadas, autoescolas, secretarias do munic\u00edpio e escolas das redes municipal e particular, com a distribui\u00e7\u00e3o de brindes, destacando a import\u00e2ncia do tema.<\/p>\n<p style=\"text-align: justify;\">O ve\u00edculo \u00e9 comparado a uma arma, em que, mal utilizada, pode acabar tirando a vida de algu\u00e9m, ou deixar sequelas durante muitos anos, situa\u00e7\u00e3o essa que foi relatada pelo educador da Lei Seca, Luiz Eduardo. O palestrante teve a perna esquerda amputada, 16 anos ap\u00f3s um acidente de tr\u00e2nsito. Um adolescente estava com o carro do pai, e acabou atingindo Luiz, que estava em uma cal\u00e7ada, fato esse que aconteceu quando o educador ainda era crian\u00e7a. \u201cEssa les\u00e3o atrapalhou muito minha vida, meus objetivos e meus planos tiveram que ser mudados. E minha hist\u00f3ria mostra que podemos fazer a diferen\u00e7a no tr\u00e2nsito. A recep\u00e7\u00e3o nas palestras foi muito positiva, principalmente dos adolescentes, que come\u00e7am a aprender a dirigir logo cedo, uma cultura errada que os pais j\u00e1 aprenderam com outra gera\u00e7\u00e3o\u201d, pontuou o educador da Lei Seca, Luiz Eduardo.<\/p>\n<p style=\"text-align: justify;\">\u201cPercebemos algo muito interessante, principalmente, nas escolas. As crian\u00e7as conhecem bem as sinaliza\u00e7\u00f5es e a import\u00e2ncia do respeito no tr\u00e2nsito. Isso demonstra que ser\u00e3o bons motoristas. Al\u00e9m de receber as informa\u00e7\u00f5es, eles v\u00e3o colocar em pr\u00e1tica com os pais e os familiares. Estaremos com a\u00e7\u00f5es nas ruas e realizando palestras at\u00e9 a pr\u00f3xima ter\u00e7a-feira\u201d, comentou a coordenadora de Tr\u00e2nsito e transportes da AMTTC, Maria Elizabeth.<\/p>\n\n\n<figure class=\"wp-block-image size-large\"><img loading=\"lazy\" decoding=\"async\" width=\"1024\" height=\"648\" src=\"https:\/\/blogdoedvaldomagalhaes.com.br\/wp-content\/uploads\/2021\/09\/IMG-20210925-WA0185-1024x648.jpg\" alt=\"\" class=\"wp-image-75204\" srcset=\"https:\/\/blogdoedvaldomagalhaes.com.br\/wp-content\/uploads\/2021\/09\/IMG-20210925-WA0185-1024x648.jpg 1024w, https:\/\/blogdoedvaldomagalhaes.com.br\/wp-content\/uploads\/2021\/09\/IMG-20210925-WA0185-300x190.jpg 300w, https:\/\/blogdoedvaldomagalhaes.com.br\/wp-content\/uploads\/2021\/09\/IMG-20210925-WA0185-768x486.jpg 768w, https:\/\/blogdoedvaldomagalhaes.com.br\/wp-content\/uploads\/2021\/09\/IMG-20210925-WA0185.jpg 1280w\" sizes=\"auto, (max-width: 1024px) 100vw, 1024px\" \/><\/figure>\n\n\n\n<figure class=\"wp-block-image size-large\"><img loading=\"lazy\" decoding=\"async\" width=\"1024\" height=\"682\" src=\"https:\/\/blogdoedvaldomagalhaes.com.br\/wp-content\/uploads\/2021\/09\/IMG-20210925-WA0190-1024x682.jpg\" alt=\"\" class=\"wp-image-75205\" srcset=\"https:\/\/blogdoedvaldomagalhaes.com.br\/wp-content\/uploads\/2021\/09\/IMG-20210925-WA0190-1024x682.jpg 1024w, https:\/\/blogdoedvaldomagalhaes.com.br\/wp-content\/uploads\/2021\/09\/IMG-20210925-WA0190-300x200.jpg 300w, https:\/\/blogdoedvaldomagalhaes.com.br\/wp-content\/uploads\/2021\/09\/IMG-20210925-WA0190-768x512.jpg 768w, https:\/\/blogdoedvaldomagalhaes.com.br\/wp-content\/uploads\/2021\/09\/IMG-20210925-WA0190.jpg 1280w\" sizes=\"auto, (max-width: 1024px) 100vw, 1024px\" \/><\/figure>\n\n\n\n<figure class=\"wp-block-image size-large\"><img loading=\"lazy\" decoding=\"async\" width=\"799\" height=\"533\" src=\"https:\/\/blogdoedvaldomagalhaes.com.br\/wp-content\/uploads\/2021\/09\/IMG-20210925-WA0191.jpg\" alt=\"\" class=\"wp-image-75207\" srcset=\"https:\/\/blogdoedvaldomagalhaes.com.br\/wp-content\/uploads\/2021\/09\/IMG-20210925-WA0191.jpg 799w, https:\/\/blogdoedvaldomagalhaes.com.br\/wp-content\/uploads\/2021\/09\/IMG-20210925-WA0191-300x200.jpg 300w, https:\/\/blogdoedvaldomagalhaes.com.br\/wp-content\/uploads\/2021\/09\/IMG-20210925-WA0191-768x512.jpg 768w\" sizes=\"auto, (max-width: 799px) 100vw, 799px\" \/><figcaption>Fotos: Elvis Edson, Edm\u00edlson Tanaka e Jana\u00edna Pepeu<\/figcaption><\/figure>\n","protected":false},"excerpt":{"rendered":"<p>A Autarquia de Mobilidade, Tr\u00e2nsito e Transportes de Caruaru (AMTTC), realizou v\u00e1rias a\u00e7\u00f5es para comemorar a Semana Nacional de Tr\u00e2nsito.&hellip;<\/p>\n","protected":false},"author":1,"featured_media":75202,"comment_status":"open","ping_status":"open","sticky":false,"template":"","format":"standard","meta":{"footnotes":""},"categories":[14120],"tags":[2,19532,3406,6,22911],"class_list":["post-75201","post","type-post","status-publish","format-standard","has-post-thumbnail","hentry","category-noticias","tag-blog-do-edvaldo-magalhaes","tag-blog-mais-acessado-e-visualizado-de-caruaru-e-regiao","tag-caruaru","tag-noticias","tag-semana-nacional-de-transito-com-palestras-educativas-em-caruaru-seguem-ate-terca-feira-28"],"_links":{"self":[{"href":"https:\/\/blogdoedvaldomagalhaes.com.br\/index.php\/wp-json\/wp\/v2\/posts\/75201","targetHints":{"allow":["GET"]}}],"collection":[{"href":"https:\/\/blogdoedvaldomagalhaes.com.br\/index.php\/wp-json\/wp\/v2\/posts"}],"about":[{"href":"https:\/\/blogdoedvaldomagalhaes.com.br\/index.php\/wp-json\/wp\/v2\/types\/post"}],"author":[{"embeddable":true,"href":"https:\/\/blogdoedvaldomagalhaes.com.br\/index.php\/wp-json\/wp\/v2\/users\/1"}],"replies":[{"embeddable":true,"href":"https:\/\/blogdoedvaldomagalhaes.com.br\/index.php\/wp-json\/wp\/v2\/comments?post=75201"}],"version-history":[{"count":2,"href":"https:\/\/blogdoedvaldomagalhaes.com.br\/index.php\/wp-json\/wp\/v2\/posts\/75201\/revisions"}],"predecessor-version":[{"id":75208,"href":"https:\/\/blogdoedvaldomagalhaes.com.br\/index.php\/wp-json\/wp\/v2\/posts\/75201\/revisions\/75208"}],"wp:featuredmedia":[{"embeddable":true,"href":"https:\/\/blogdoedvaldomagalhaes.com.br\/index.php\/wp-json\/wp\/v2\/media\/75202"}],"wp:attachment":[{"href":"https:\/\/blogdoedvaldomagalhaes.com.br\/index.php\/wp-json\/wp\/v2\/media?parent=75201"}],"wp:term":[{"taxonomy":"category","embeddable":true,"href":"https:\/\/blogdoedvaldomagalhaes.com.br\/index.php\/wp-json\/wp\/v2\/categories?post=75201"},{"taxonomy":"post_tag","embeddable":true,"href":"https:\/\/blogdoedvaldomagalhaes.com.br\/index.php\/wp-json\/wp\/v2\/tags?post=75201"}],"curies":[{"name":"wp","href":"https:\/\/api.w.org\/{rel}","templated":true}]}}