{"id":75196,"date":"2021-09-25T15:18:37","date_gmt":"2021-09-25T18:18:37","guid":{"rendered":"https:\/\/blogdoedvaldomagalhaes.com.br\/?p=75196"},"modified":"2021-09-25T15:18:39","modified_gmt":"2021-09-25T18:18:39","slug":"ursa-do-zoologico-de-dois-irmaos-e-escoltada-pela-prf-ate-sao-paulo","status":"publish","type":"post","link":"https:\/\/blogdoedvaldomagalhaes.com.br\/index.php\/2021\/09\/25\/ursa-do-zoologico-de-dois-irmaos-e-escoltada-pela-prf-ate-sao-paulo\/","title":{"rendered":"Ursa do Zool\u00f3gico de Dois Irm\u00e3os \u00e9 escoltada pela PRF at\u00e9 S\u00e3o Paulo"},"content":{"rendered":"<p style=\"text-align: justify;\"><span style=\"font-size: inherit;\">Na tarde dessa sexta-feira (24), teve in\u00edcio a escolta de transfer\u00eancia da ursa parda do Zool\u00f3gico de Dois Irm\u00e3os, no Recife. O animal, que chegou \u00e0 capital pernambucana em 2003, ir\u00e1 viver em um santu\u00e1rio ecol\u00f3gico, na cidade de Joan\u00f3polis, em S\u00e3o Paulo. O deslocamento ser\u00e1 integralmente acompanhado pela Pol\u00edcia Rodovi\u00e1ria Federal (PRF).<\/span><\/p>\n<p style=\"text-align: justify;\">A opera\u00e7\u00e3o requer uma s\u00e9rie de cuidados, sobretudo com o bem-estar do animal. Para isso, o caminh\u00e3o que transporta \u00darsula \u00e9 acompanhado por especialistas que monitoram as rea\u00e7\u00f5es do animal no ve\u00edculo, durante o trajeto de mais de 2500 quil\u00f4metros at\u00e9 o destino. A escolta mobilizar\u00e1 equipes da PRF nos sete estados em que ser\u00e1 realizada.<\/p>\n<p style=\"text-align: justify;\">\u00darsula, de 20 anos, ser\u00e1 levada para S\u00e3o Paulo como parte de um planejamento do novo Plano Diretor do Parque Estadual de Dois Irm\u00e3os, que pretende se dedicar mais \u00e0 prote\u00e7\u00e3o da fauna nativa. Ao chegar no santu\u00e1rio, a ursa receber\u00e1 cuidados e um novo nome: &#8220;Diaiarama&#8221;, que significa energia de luz.<\/p>\n\n\n<figure class=\"wp-block-image size-large\"><img loading=\"lazy\" decoding=\"async\" width=\"1024\" height=\"575\" src=\"https:\/\/blogdoedvaldomagalhaes.com.br\/wp-content\/uploads\/2021\/09\/IMG-20210925-WA0061-1024x575.jpg\" alt=\"\" class=\"wp-image-75198\" srcset=\"https:\/\/blogdoedvaldomagalhaes.com.br\/wp-content\/uploads\/2021\/09\/IMG-20210925-WA0061-1024x575.jpg 1024w, https:\/\/blogdoedvaldomagalhaes.com.br\/wp-content\/uploads\/2021\/09\/IMG-20210925-WA0061-300x169.jpg 300w, https:\/\/blogdoedvaldomagalhaes.com.br\/wp-content\/uploads\/2021\/09\/IMG-20210925-WA0061-768x432.jpg 768w, https:\/\/blogdoedvaldomagalhaes.com.br\/wp-content\/uploads\/2021\/09\/IMG-20210925-WA0061-1536x863.jpg 1536w, https:\/\/blogdoedvaldomagalhaes.com.br\/wp-content\/uploads\/2021\/09\/IMG-20210925-WA0061-1140x641.jpg 1140w, https:\/\/blogdoedvaldomagalhaes.com.br\/wp-content\/uploads\/2021\/09\/IMG-20210925-WA0061-720x405.jpg 720w, https:\/\/blogdoedvaldomagalhaes.com.br\/wp-content\/uploads\/2021\/09\/IMG-20210925-WA0061.jpg 1600w\" sizes=\"auto, (max-width: 1024px) 100vw, 1024px\" \/><\/figure>\n\n\n\n<figure class=\"wp-block-image size-large\"><img loading=\"lazy\" decoding=\"async\" width=\"1024\" height=\"575\" src=\"https:\/\/blogdoedvaldomagalhaes.com.br\/wp-content\/uploads\/2021\/09\/IMG-20210925-WA0060-1024x575.jpg\" alt=\"\" class=\"wp-image-75199\" srcset=\"https:\/\/blogdoedvaldomagalhaes.com.br\/wp-content\/uploads\/2021\/09\/IMG-20210925-WA0060-1024x575.jpg 1024w, https:\/\/blogdoedvaldomagalhaes.com.br\/wp-content\/uploads\/2021\/09\/IMG-20210925-WA0060-300x169.jpg 300w, https:\/\/blogdoedvaldomagalhaes.com.br\/wp-content\/uploads\/2021\/09\/IMG-20210925-WA0060-768x432.jpg 768w, https:\/\/blogdoedvaldomagalhaes.com.br\/wp-content\/uploads\/2021\/09\/IMG-20210925-WA0060-1536x863.jpg 1536w, https:\/\/blogdoedvaldomagalhaes.com.br\/wp-content\/uploads\/2021\/09\/IMG-20210925-WA0060-1140x641.jpg 1140w, https:\/\/blogdoedvaldomagalhaes.com.br\/wp-content\/uploads\/2021\/09\/IMG-20210925-WA0060-720x405.jpg 720w, https:\/\/blogdoedvaldomagalhaes.com.br\/wp-content\/uploads\/2021\/09\/IMG-20210925-WA0060.jpg 1600w\" sizes=\"auto, (max-width: 1024px) 100vw, 1024px\" \/><figcaption>Fotos: Divulga\u00e7\u00e3o\/PRF<\/figcaption><\/figure>\n","protected":false},"excerpt":{"rendered":"<p>Na tarde dessa sexta-feira (24), teve in\u00edcio a escolta de transfer\u00eancia da ursa parda do Zool\u00f3gico de Dois Irm\u00e3os, no&hellip;<\/p>\n","protected":false},"author":1,"featured_media":75197,"comment_status":"open","ping_status":"open","sticky":false,"template":"","format":"standard","meta":{"footnotes":""},"categories":[14120],"tags":[2,19532,3406,2252,22910],"class_list":["post-75196","post","type-post","status-publish","format-standard","has-post-thumbnail","hentry","category-noticias","tag-blog-do-edvaldo-magalhaes","tag-blog-mais-acessado-e-visualizado-de-caruaru-e-regiao","tag-caruaru","tag-noticia","tag-ursa-do-zoologico-de-dois-irmaos-e-escoltada-pela-prf-ate-sao-paulo"],"_links":{"self":[{"href":"https:\/\/blogdoedvaldomagalhaes.com.br\/index.php\/wp-json\/wp\/v2\/posts\/75196","targetHints":{"allow":["GET"]}}],"collection":[{"href":"https:\/\/blogdoedvaldomagalhaes.com.br\/index.php\/wp-json\/wp\/v2\/posts"}],"about":[{"href":"https:\/\/blogdoedvaldomagalhaes.com.br\/index.php\/wp-json\/wp\/v2\/types\/post"}],"author":[{"embeddable":true,"href":"https:\/\/blogdoedvaldomagalhaes.com.br\/index.php\/wp-json\/wp\/v2\/users\/1"}],"replies":[{"embeddable":true,"href":"https:\/\/blogdoedvaldomagalhaes.com.br\/index.php\/wp-json\/wp\/v2\/comments?post=75196"}],"version-history":[{"count":1,"href":"https:\/\/blogdoedvaldomagalhaes.com.br\/index.php\/wp-json\/wp\/v2\/posts\/75196\/revisions"}],"predecessor-version":[{"id":75200,"href":"https:\/\/blogdoedvaldomagalhaes.com.br\/index.php\/wp-json\/wp\/v2\/posts\/75196\/revisions\/75200"}],"wp:featuredmedia":[{"embeddable":true,"href":"https:\/\/blogdoedvaldomagalhaes.com.br\/index.php\/wp-json\/wp\/v2\/media\/75197"}],"wp:attachment":[{"href":"https:\/\/blogdoedvaldomagalhaes.com.br\/index.php\/wp-json\/wp\/v2\/media?parent=75196"}],"wp:term":[{"taxonomy":"category","embeddable":true,"href":"https:\/\/blogdoedvaldomagalhaes.com.br\/index.php\/wp-json\/wp\/v2\/categories?post=75196"},{"taxonomy":"post_tag","embeddable":true,"href":"https:\/\/blogdoedvaldomagalhaes.com.br\/index.php\/wp-json\/wp\/v2\/tags?post=75196"}],"curies":[{"name":"wp","href":"https:\/\/api.w.org\/{rel}","templated":true}]}}