{"id":75193,"date":"2021-09-25T14:33:44","date_gmt":"2021-09-25T17:33:44","guid":{"rendered":"https:\/\/blogdoedvaldomagalhaes.com.br\/?p=75193"},"modified":"2021-09-25T14:33:45","modified_gmt":"2021-09-25T17:33:45","slug":"laura-gomes-tem-reuniao-com-presidente-da-associacao-dos-forrozeiros-e-trios-pe-de-serra-de-caruaru","status":"publish","type":"post","link":"https:\/\/blogdoedvaldomagalhaes.com.br\/index.php\/2021\/09\/25\/laura-gomes-tem-reuniao-com-presidente-da-associacao-dos-forrozeiros-e-trios-pe-de-serra-de-caruaru\/","title":{"rendered":"Laura Gomes tem reuni\u00e3o com presidente da Associa\u00e7\u00e3o dos Forrozeiros e Trios P\u00e9-de-serra de Caruaru"},"content":{"rendered":"<p style=\"text-align: justify;\"><span style=\"font-size: inherit;\">A deputada estadual Laura Gomes (PSB) teve agenda na manh\u00e3 deste s\u00e1bado (25), com o presidente da Associa\u00e7\u00e3o dos Forrozeiros e Trios P\u00e9-de-serra de Caruaru ( Asfoc), Didi Caruaru, no escrit\u00f3rio da parlamentar, na Capital do Agreste.<\/span><\/p>\n<p style=\"text-align: justify;\">Entre os temas abordados no encontro, estiveram as demandas dos membros cadastrados na Associa\u00e7\u00e3o, al\u00e9m de tamb\u00e9m o aux\u00edlio que a deputada ir\u00e1 disponibilizar para artistas caruaruenses.<\/p>\n<p style=\"text-align: justify;\">Para Laura, o di\u00e1logo com esse setor \u00e9 essencial, a fim de atualizar as informa\u00e7\u00f5es e alinhar efetivas a\u00e7\u00f5es de apoio, para contribuir com foco e objetividade.<\/p>\n","protected":false},"excerpt":{"rendered":"<p>A deputada estadual Laura Gomes (PSB) teve agenda na manh\u00e3 deste s\u00e1bado (25), com o presidente da Associa\u00e7\u00e3o dos Forrozeiros&hellip;<\/p>\n","protected":false},"author":1,"featured_media":75194,"comment_status":"open","ping_status":"open","sticky":false,"template":"","format":"standard","meta":{"footnotes":""},"categories":[14122],"tags":[2,19532,3406,22909],"class_list":["post-75193","post","type-post","status-publish","format-standard","has-post-thumbnail","hentry","category-politica","tag-blog-do-edvaldo-magalhaes","tag-blog-mais-acessado-e-visualizado-de-caruaru-e-regiao","tag-caruaru","tag-laura-gomes-tem-reuniao-com-presidente-da-associacao-dos-forrozeiros-e-trios-pe-de-serra-de-caruaru"],"_links":{"self":[{"href":"https:\/\/blogdoedvaldomagalhaes.com.br\/index.php\/wp-json\/wp\/v2\/posts\/75193","targetHints":{"allow":["GET"]}}],"collection":[{"href":"https:\/\/blogdoedvaldomagalhaes.com.br\/index.php\/wp-json\/wp\/v2\/posts"}],"about":[{"href":"https:\/\/blogdoedvaldomagalhaes.com.br\/index.php\/wp-json\/wp\/v2\/types\/post"}],"author":[{"embeddable":true,"href":"https:\/\/blogdoedvaldomagalhaes.com.br\/index.php\/wp-json\/wp\/v2\/users\/1"}],"replies":[{"embeddable":true,"href":"https:\/\/blogdoedvaldomagalhaes.com.br\/index.php\/wp-json\/wp\/v2\/comments?post=75193"}],"version-history":[{"count":1,"href":"https:\/\/blogdoedvaldomagalhaes.com.br\/index.php\/wp-json\/wp\/v2\/posts\/75193\/revisions"}],"predecessor-version":[{"id":75195,"href":"https:\/\/blogdoedvaldomagalhaes.com.br\/index.php\/wp-json\/wp\/v2\/posts\/75193\/revisions\/75195"}],"wp:featuredmedia":[{"embeddable":true,"href":"https:\/\/blogdoedvaldomagalhaes.com.br\/index.php\/wp-json\/wp\/v2\/media\/75194"}],"wp:attachment":[{"href":"https:\/\/blogdoedvaldomagalhaes.com.br\/index.php\/wp-json\/wp\/v2\/media?parent=75193"}],"wp:term":[{"taxonomy":"category","embeddable":true,"href":"https:\/\/blogdoedvaldomagalhaes.com.br\/index.php\/wp-json\/wp\/v2\/categories?post=75193"},{"taxonomy":"post_tag","embeddable":true,"href":"https:\/\/blogdoedvaldomagalhaes.com.br\/index.php\/wp-json\/wp\/v2\/tags?post=75193"}],"curies":[{"name":"wp","href":"https:\/\/api.w.org\/{rel}","templated":true}]}}