{"id":75188,"date":"2021-09-25T14:24:12","date_gmt":"2021-09-25T17:24:12","guid":{"rendered":"https:\/\/blogdoedvaldomagalhaes.com.br\/?p=75188"},"modified":"2021-09-25T14:28:12","modified_gmt":"2021-09-25T17:28:12","slug":"primeiro-evento-do-microcredito-na-rua-e-realizado-em-caruaru","status":"publish","type":"post","link":"https:\/\/blogdoedvaldomagalhaes.com.br\/index.php\/2021\/09\/25\/primeiro-evento-do-microcredito-na-rua-e-realizado-em-caruaru\/","title":{"rendered":"Primeiro evento do Microcr\u00e9dito na Rua \u00e9 realizado em Caruaru"},"content":{"rendered":"<p style=\"text-align: justify;\"><span style=\"font-size: inherit;\">A Secretaria de Desenvolvimento Econ\u00f4mico, Turismo e Economia Criativa (Sedetec), realizou o primeiro evento do Microcr\u00e9dito na Rua, na manh\u00e3 deste s\u00e1bado (25), na Feira da Boa Vista I e II. O programa tem como objetivo impulsionar as atividades de empreendedores de neg\u00f3cios locais, atrav\u00e9s da concess\u00e3o de microcr\u00e9dito orientado, realizada pelos bancos credenciados, Santander e Nordeste.<\/span><\/p>\n<p style=\"text-align: justify;\">Na ocasi\u00e3o, as equipes das duas institui\u00e7\u00f5es banc\u00e1rias estiveram circulando pela feira, oferecendo aos interessados linhas de cr\u00e9dito para capital de giro e montagem de neg\u00f3cio. A iniciativa \u00e9 destinada, exclusivamente, para microempreendedores formais e informais, a exemplo de comerciantes, vendedores ambulantes, profissionais aut\u00f4nomos e prestadores de servi\u00e7os, bem como a pequenas cooperativas. Al\u00e9m disso, ainda conta com o apoio do Sebrae-PE, cuja a sua participa\u00e7\u00e3o vem ocorrendo na oferta de informa\u00e7\u00f5es e aux\u00edlio para formaliza\u00e7\u00e3o de neg\u00f3cios informais.<\/p>\n<p style=\"text-align: justify;\">A ideia da Secretaria de Desenvolvimento Econ\u00f4mico, Turismo e Economia Criativa de Caruaru \u00e9 promover uma s\u00e9rie de eventos do tipo, ao longo dos pr\u00f3ximos meses e em locais estrat\u00e9gicos da Capital do Agreste, a fim de facilitar a compara\u00e7\u00e3o das linhas. Estas \u00faltimas est\u00e3o dispon\u00edveis para os empreendedores que querem iniciar ou expandir os seus respectivos neg\u00f3cios.<\/p>\n<p style=\"text-align: justify;\">\u201cO microempreendedorismo exerce um papel determinante na sustenta\u00e7\u00e3o e desenvolvimento da economia, e, na medida em que oferecemos, em um \u00fanico local, microcr\u00e9dito orientado, com linhas acess\u00edveis, a tend\u00eancia \u00e9 de expandirmos ainda mais as nossas atividades em termos de neg\u00f3cios, gerando mais receita e emprego em Caruaru. O Microcr\u00e9dito na Rua chega justamente para criar oportunidades neste momento de retomada econ\u00f4mica\u201d, destacou o secret\u00e1rio da Sedetec, Andr\u00e9 Teixeira Filho.<\/p>\n<p style=\"text-align: justify;\">Quem esteve conferindo o programa foi o feirante Jadelson Sousa. Ele se mostrou interessado em aderi-lo. \u201cAchei as taxas de juros justas, as parcelas acess\u00edveis, bem como as orienta\u00e7\u00f5es importantes. Vou comparar a melhor oferta de empr\u00e9stimo dos bancos para entrar no Microcr\u00e9dito na Rua. Por causa da pandemia do coronav\u00edrus, n\u00f3s, feirantes, ficamos muito tempo parados, sem vender nada e sem dinheiro para investir. Com essa parceria da Prefeitura com os bancos, poderemos ganhar um f\u00f4lego a mais para os pr\u00f3ximos meses\u201d, disse.<\/p>\n<p style=\"text-align: justify;\">Parceiros<\/p>\n<p style=\"text-align: justify;\">De acordo com os representantes das institui\u00e7\u00f5es credenciadas, a iniciativa vem impulsionar a economia local. \u201cAo aderi-la, o microempreendedor tem a possibilidade de expandir o seu neg\u00f3cio, adquirindo ferramentas que lhe propiciar\u00e3o uma participa\u00e7\u00e3o mais efetiva no mercado\u201d, destacou o supervisor do Santander, Antelmo Matias. \u201cO Banco do Nordeste vem enxergando o Microcr\u00e9dito na Rua como um grande aliado de Caruaru na retomada das atividades econ\u00f4micas, neste per\u00edodo ainda pand\u00eamico\u201d, avaliou o gerente regional, Herbert Caires.<\/p>\n\n\n<figure class=\"wp-block-image size-large\"><img loading=\"lazy\" decoding=\"async\" width=\"1024\" height=\"682\" src=\"https:\/\/blogdoedvaldomagalhaes.com.br\/wp-content\/uploads\/2021\/09\/IMG-20210925-WA0175-1024x682.jpg\" alt=\"\" class=\"wp-image-75191\" srcset=\"https:\/\/blogdoedvaldomagalhaes.com.br\/wp-content\/uploads\/2021\/09\/IMG-20210925-WA0175-1024x682.jpg 1024w, https:\/\/blogdoedvaldomagalhaes.com.br\/wp-content\/uploads\/2021\/09\/IMG-20210925-WA0175-300x200.jpg 300w, https:\/\/blogdoedvaldomagalhaes.com.br\/wp-content\/uploads\/2021\/09\/IMG-20210925-WA0175-768x511.jpg 768w, https:\/\/blogdoedvaldomagalhaes.com.br\/wp-content\/uploads\/2021\/09\/IMG-20210925-WA0175.jpg 1280w\" sizes=\"auto, (max-width: 1024px) 100vw, 1024px\" \/><figcaption>Fotos: Jana\u00edna Pepeu<\/figcaption><\/figure>\n","protected":false},"excerpt":{"rendered":"<p>A Secretaria de Desenvolvimento Econ\u00f4mico, Turismo e Economia Criativa (Sedetec), realizou o primeiro evento do Microcr\u00e9dito na Rua, na manh\u00e3&hellip;<\/p>\n","protected":false},"author":1,"featured_media":75189,"comment_status":"open","ping_status":"open","sticky":false,"template":"","format":"standard","meta":{"footnotes":""},"categories":[14120],"tags":[22908,2,19532,3406,22907],"class_list":["post-75188","post","type-post","status-publish","format-standard","has-post-thumbnail","hentry","category-noticias","tag-andre-teixeira-filho","tag-blog-do-edvaldo-magalhaes","tag-blog-mais-acessado-e-visualizado-de-caruaru-e-regiao","tag-caruaru","tag-primeiro-evento-do-microcredito-na-rua-e-realizado-em-caruaru"],"_links":{"self":[{"href":"https:\/\/blogdoedvaldomagalhaes.com.br\/index.php\/wp-json\/wp\/v2\/posts\/75188","targetHints":{"allow":["GET"]}}],"collection":[{"href":"https:\/\/blogdoedvaldomagalhaes.com.br\/index.php\/wp-json\/wp\/v2\/posts"}],"about":[{"href":"https:\/\/blogdoedvaldomagalhaes.com.br\/index.php\/wp-json\/wp\/v2\/types\/post"}],"author":[{"embeddable":true,"href":"https:\/\/blogdoedvaldomagalhaes.com.br\/index.php\/wp-json\/wp\/v2\/users\/1"}],"replies":[{"embeddable":true,"href":"https:\/\/blogdoedvaldomagalhaes.com.br\/index.php\/wp-json\/wp\/v2\/comments?post=75188"}],"version-history":[{"count":2,"href":"https:\/\/blogdoedvaldomagalhaes.com.br\/index.php\/wp-json\/wp\/v2\/posts\/75188\/revisions"}],"predecessor-version":[{"id":75192,"href":"https:\/\/blogdoedvaldomagalhaes.com.br\/index.php\/wp-json\/wp\/v2\/posts\/75188\/revisions\/75192"}],"wp:featuredmedia":[{"embeddable":true,"href":"https:\/\/blogdoedvaldomagalhaes.com.br\/index.php\/wp-json\/wp\/v2\/media\/75189"}],"wp:attachment":[{"href":"https:\/\/blogdoedvaldomagalhaes.com.br\/index.php\/wp-json\/wp\/v2\/media?parent=75188"}],"wp:term":[{"taxonomy":"category","embeddable":true,"href":"https:\/\/blogdoedvaldomagalhaes.com.br\/index.php\/wp-json\/wp\/v2\/categories?post=75188"},{"taxonomy":"post_tag","embeddable":true,"href":"https:\/\/blogdoedvaldomagalhaes.com.br\/index.php\/wp-json\/wp\/v2\/tags?post=75188"}],"curies":[{"name":"wp","href":"https:\/\/api.w.org\/{rel}","templated":true}]}}