{"id":75181,"date":"2021-09-25T09:44:23","date_gmt":"2021-09-25T12:44:23","guid":{"rendered":"https:\/\/blogdoedvaldomagalhaes.com.br\/?p=75181"},"modified":"2021-09-25T10:17:06","modified_gmt":"2021-09-25T13:17:06","slug":"jovem-e-morto-dentro-de-casa-na-frente-da-esposa-e-bebe-de-10-meses-em-caruaru","status":"publish","type":"post","link":"https:\/\/blogdoedvaldomagalhaes.com.br\/index.php\/2021\/09\/25\/jovem-e-morto-dentro-de-casa-na-frente-da-esposa-e-bebe-de-10-meses-em-caruaru\/","title":{"rendered":"Jovem \u00e9 morto dentro de casa na frente da esposa e beb\u00ea de 10 meses, em Caruaru"},"content":{"rendered":"<p style=\"text-align: justify;\"><span style=\"font-size: inherit;\">A pol\u00edcia registrou um homic\u00eddio na rua Xique Xique, bloco O tr\u00eas, apartamento&nbsp; 103, no Residencial Alto do Moura, em Caruaru.&nbsp; O jovem Whashington Barros dos Santos, de 20 anos de idade, estava dormindo com a esposa e um beb\u00ea de 10 meses, quando por volta das 02h da madrugada deste s\u00e1bado (25), dois indiv\u00edduos chegaram, arrombaram a porta do apartamento, e efetuaram um disparo de arma de fogo na face da v\u00edtima, que morreu no local, depois os dois indiv\u00edduos fugiram em um carro ainda n\u00e3o identificado. <\/span><\/p>\n<p style=\"text-align: justify;\"><span style=\"font-size: inherit;\">Whashington Barros havia j\u00e1 teve passagem na Funase, quando era menor de idade, acusado de tr\u00e1fico de drogas. De acordo com Wesliany irm\u00e3 dele, Whashington havia comprado um aparelho celular h\u00e1 cerca de tr\u00eas meses, foi abordado por policiais militares nessa sexta-feira (24), o celular estava com queixa de roubo, Whashington foi levado para a delegacia e foi liberado. Atualmente, Washington trabalhava carregando e descarregando gesso em caminh\u00f5es no mesmo residencial.<\/span><\/p>\n<p style=\"text-align: justify;\">A Pol\u00edcia Militar de Pernambuco esteve no local. O corpo foi periciado e levado para o IML de Caruaru.<\/p>\n\n\n<p>Esse foi o 12\u00b0 no m\u00eas de setembro e o 85\u00b0 no ano de 2021, em Caruaru.<\/p>\n","protected":false},"excerpt":{"rendered":"<p>A pol\u00edcia registrou um homic\u00eddio na rua Xique Xique, bloco O tr\u00eas, apartamento&nbsp; 103, no Residencial Alto do Moura, em&hellip;<\/p>\n","protected":false},"author":1,"featured_media":75182,"comment_status":"open","ping_status":"open","sticky":false,"template":"","format":"standard","meta":{"footnotes":""},"categories":[14121],"tags":[2,19532,3406,5448,22906],"class_list":["post-75181","post","type-post","status-publish","format-standard","has-post-thumbnail","hentry","category-policial","tag-blog-do-edvaldo-magalhaes","tag-blog-mais-acessado-e-visualizado-de-caruaru-e-regiao","tag-caruaru","tag-homicidio","tag-jovem-e-morto-dentro-de-casa-na-frente-da-esposa-e-bebe-de-10-meses-em-caruaru"],"_links":{"self":[{"href":"https:\/\/blogdoedvaldomagalhaes.com.br\/index.php\/wp-json\/wp\/v2\/posts\/75181","targetHints":{"allow":["GET"]}}],"collection":[{"href":"https:\/\/blogdoedvaldomagalhaes.com.br\/index.php\/wp-json\/wp\/v2\/posts"}],"about":[{"href":"https:\/\/blogdoedvaldomagalhaes.com.br\/index.php\/wp-json\/wp\/v2\/types\/post"}],"author":[{"embeddable":true,"href":"https:\/\/blogdoedvaldomagalhaes.com.br\/index.php\/wp-json\/wp\/v2\/users\/1"}],"replies":[{"embeddable":true,"href":"https:\/\/blogdoedvaldomagalhaes.com.br\/index.php\/wp-json\/wp\/v2\/comments?post=75181"}],"version-history":[{"count":3,"href":"https:\/\/blogdoedvaldomagalhaes.com.br\/index.php\/wp-json\/wp\/v2\/posts\/75181\/revisions"}],"predecessor-version":[{"id":75186,"href":"https:\/\/blogdoedvaldomagalhaes.com.br\/index.php\/wp-json\/wp\/v2\/posts\/75181\/revisions\/75186"}],"wp:featuredmedia":[{"embeddable":true,"href":"https:\/\/blogdoedvaldomagalhaes.com.br\/index.php\/wp-json\/wp\/v2\/media\/75182"}],"wp:attachment":[{"href":"https:\/\/blogdoedvaldomagalhaes.com.br\/index.php\/wp-json\/wp\/v2\/media?parent=75181"}],"wp:term":[{"taxonomy":"category","embeddable":true,"href":"https:\/\/blogdoedvaldomagalhaes.com.br\/index.php\/wp-json\/wp\/v2\/categories?post=75181"},{"taxonomy":"post_tag","embeddable":true,"href":"https:\/\/blogdoedvaldomagalhaes.com.br\/index.php\/wp-json\/wp\/v2\/tags?post=75181"}],"curies":[{"name":"wp","href":"https:\/\/api.w.org\/{rel}","templated":true}]}}