{"id":75178,"date":"2021-09-24T21:15:45","date_gmt":"2021-09-25T00:15:45","guid":{"rendered":"https:\/\/blogdoedvaldomagalhaes.com.br\/?p=75178"},"modified":"2021-09-24T21:15:46","modified_gmt":"2021-09-25T00:15:46","slug":"paulo-camara-convoca-populacao-para-vacinacao-no-dia-d-da-2a-dose-contra-a-covid-19","status":"publish","type":"post","link":"https:\/\/blogdoedvaldomagalhaes.com.br\/index.php\/2021\/09\/24\/paulo-camara-convoca-populacao-para-vacinacao-no-dia-d-da-2a-dose-contra-a-covid-19\/","title":{"rendered":"Paulo C\u00e2mara convoca popula\u00e7\u00e3o para vacina\u00e7\u00e3o no Dia D da 2\u00aa dose contra a covid-19"},"content":{"rendered":"<p style=\"text-align: justify;\">O governador Paulo C\u00e2mara alertou, em pronunciamento nesta sexta-feira (24), que este s\u00e1bado (25) ser\u00e1 um dia importante na luta contra a covid-19 em Pernambuco. A data foi escolhida para que todos os 184 munic\u00edpios pernambucanos se mobilizem em um mutir\u00e3o, visando a aplica\u00e7\u00e3o da segunda dose. A a\u00e7\u00e3o foi denominada de Dia D.<\/p>\n<p style=\"text-align: justify;\">\u201cEstamos com 65% da nossa popula\u00e7\u00e3o vacinada com a primeira dose, mas apenas 33% com a imuniza\u00e7\u00e3o completa. S\u00e3o cerca de 780 mil pernambucanos com a segunda dose atrasada e \u00e9 fundamental que consigamos avan\u00e7ar nesse p\u00fablico\u201d, justificou o governador, apresentando n\u00fameros referentes \u00e0 popula\u00e7\u00e3o total do Estado, e n\u00e3o apenas aos adultos.<\/p>\n<p style=\"text-align: justify;\">De acordo com Paulo C\u00e2mara, o momento atual \u00e9 de queda na quantidade de novos casos e \u00f3bitos. No entanto, \u00e0 medida que se aproxima o fim do ano, costumeiramente h\u00e1 um registro maior de doen\u00e7as respirat\u00f3rias. \u201cPrecisamos chegar a esse per\u00edodo com a maior quantidade poss\u00edvel de pernambucanas e pernambucanos totalmente imunizados contra a covid-19\u201d, argumentou.<\/p>\n<p style=\"text-align: justify;\">Segundo o governador, para que aconte\u00e7a uma retomada plena de todas as atividades em 2022, e para deixar para tr\u00e1s esse cap\u00edtulo dif\u00edcil da hist\u00f3ria, \u00e9 preciso intensificar a vacina\u00e7\u00e3o. \u201cSe voc\u00ea est\u00e1 com a segunda dose em atraso, compare\u00e7a neste s\u00e1bado ao posto mais pr\u00f3ximo da sua casa e fortale\u00e7a sua imuniza\u00e7\u00e3o contra o novo coronav\u00edrus\u201d, concluiu.<\/p>\n","protected":false},"excerpt":{"rendered":"<p>O governador Paulo C\u00e2mara alertou, em pronunciamento nesta sexta-feira (24), que este s\u00e1bado (25) ser\u00e1 um dia importante na luta&hellip;<\/p>\n","protected":false},"author":1,"featured_media":75179,"comment_status":"open","ping_status":"open","sticky":false,"template":"","format":"standard","meta":{"footnotes":""},"categories":[14122],"tags":[2,19532,3406,22905],"class_list":["post-75178","post","type-post","status-publish","format-standard","has-post-thumbnail","hentry","category-politica","tag-blog-do-edvaldo-magalhaes","tag-blog-mais-acessado-e-visualizado-de-caruaru-e-regiao","tag-caruaru","tag-paulo-camara-convoca-populacao-para-vacinacao-no-dia-d-da-2a-dose-contra-a-covid-19"],"_links":{"self":[{"href":"https:\/\/blogdoedvaldomagalhaes.com.br\/index.php\/wp-json\/wp\/v2\/posts\/75178","targetHints":{"allow":["GET"]}}],"collection":[{"href":"https:\/\/blogdoedvaldomagalhaes.com.br\/index.php\/wp-json\/wp\/v2\/posts"}],"about":[{"href":"https:\/\/blogdoedvaldomagalhaes.com.br\/index.php\/wp-json\/wp\/v2\/types\/post"}],"author":[{"embeddable":true,"href":"https:\/\/blogdoedvaldomagalhaes.com.br\/index.php\/wp-json\/wp\/v2\/users\/1"}],"replies":[{"embeddable":true,"href":"https:\/\/blogdoedvaldomagalhaes.com.br\/index.php\/wp-json\/wp\/v2\/comments?post=75178"}],"version-history":[{"count":1,"href":"https:\/\/blogdoedvaldomagalhaes.com.br\/index.php\/wp-json\/wp\/v2\/posts\/75178\/revisions"}],"predecessor-version":[{"id":75180,"href":"https:\/\/blogdoedvaldomagalhaes.com.br\/index.php\/wp-json\/wp\/v2\/posts\/75178\/revisions\/75180"}],"wp:featuredmedia":[{"embeddable":true,"href":"https:\/\/blogdoedvaldomagalhaes.com.br\/index.php\/wp-json\/wp\/v2\/media\/75179"}],"wp:attachment":[{"href":"https:\/\/blogdoedvaldomagalhaes.com.br\/index.php\/wp-json\/wp\/v2\/media?parent=75178"}],"wp:term":[{"taxonomy":"category","embeddable":true,"href":"https:\/\/blogdoedvaldomagalhaes.com.br\/index.php\/wp-json\/wp\/v2\/categories?post=75178"},{"taxonomy":"post_tag","embeddable":true,"href":"https:\/\/blogdoedvaldomagalhaes.com.br\/index.php\/wp-json\/wp\/v2\/tags?post=75178"}],"curies":[{"name":"wp","href":"https:\/\/api.w.org\/{rel}","templated":true}]}}