{"id":75175,"date":"2021-09-24T20:54:33","date_gmt":"2021-09-24T23:54:33","guid":{"rendered":"https:\/\/blogdoedvaldomagalhaes.com.br\/?p=75175"},"modified":"2021-09-24T20:54:34","modified_gmt":"2021-09-24T23:54:34","slug":"pl-do-vereador-irmao-ronaldo-institui-campanha-cuida-bem-de-mim-para-combater-a-violencia-e-os-maus-tratos-contra-criancas-e-adolescentes","status":"publish","type":"post","link":"https:\/\/blogdoedvaldomagalhaes.com.br\/index.php\/2021\/09\/24\/pl-do-vereador-irmao-ronaldo-institui-campanha-cuida-bem-de-mim-para-combater-a-violencia-e-os-maus-tratos-contra-criancas-e-adolescentes\/","title":{"rendered":"PL do vereador Irm\u00e3o Ronaldo institui Campanha \u201cCuida Bem de Mim\u201d para combater a viol\u00eancia e os maus-tratos contra crian\u00e7as e adolescentes"},"content":{"rendered":"<p style=\"text-align: justify;\">Confira as Proposituras d autoria do vereador Irm\u00e3o Ronaldo, que est\u00e3o tramitando na C\u00e2mara Municipal de Caruaru:<\/p>\n<p style=\"text-align: justify;\"><b>PL 8934\/2021 &#8211; PROJETO DE LEI:\u00a0<\/b><\/p>\n<p style=\"text-align: justify;\"><span style=\"font-weight: 400;\">Institui, no Calend\u00e1rio Oficial de Eventos do Munic\u00edpio de Caruaru a Campanha \u201cCuida Bem de Mim\u201d, destinada a combater a viol\u00eancia e os maus-tratos contra crian\u00e7as e adolescentes.\u00a0<\/span><\/p>\n<p style=\"text-align: justify;\"><b>PL 8886\/2021 &#8211; PROJETO DE LEI:\u00a0<\/b><\/p>\n<p style=\"text-align: justify;\"><span style=\"font-weight: 400;\">Estabelece as igrejas e os templos de qualquer culto como atividade essencial na cidade de Caruaru durante per\u00edodos de calamidade p\u00fablica decretada pelo munic\u00edpio de Caruaru.<\/span><\/p>\n<p style=\"text-align: justify;\"><b>PROJETO DE LEI n\u00ba 9061<\/b><span style=\"font-weight: 400;\"> de 2021: INSTITUI O \u201cPROGRAMA ARTISTA DA CASA\u201d, QUE ESTABELECE A OBRIGATORIEDADE DE QUE A ABERTURA DE EVENTOS MUSICAIS QUE CONTEM FINANCIAMENTO P\u00daBLICO MUNICIPAL SEJA REALIZADA POR BANDAS, CANTORES OU INSTRUMENTISTAS LOCAIS, E D\u00c1 OUTRAS PROVID\u00caNCIAS\u201d.<\/span><\/p>\n<p style=\"text-align: justify;\"><b>REQUERIMENTOS DESSA SEMANA DE AUTORIA DO VEREADOR IRM\u00c3O RONALDO:<\/b><\/p>\n<p style=\"text-align: justify;\"><b>REQUERIMENTO n\u00ba 3457 de 2021 <\/b>Para que envidem esfor\u00e7os no sentido de fazer a Capina\u00e7\u00e3o no terreno em frente \u00e0 Rua R18, CEP 55020-485, na parte de cima, j\u00e1 na parte de baixo o terreno fica em frente tamb\u00e9m a Rua R8, CEP 55020-500, bairro Jardim Boa Vista.<\/p>\n<p style=\"text-align: justify;\"><b>REQUERIMENTO n\u00ba 3469 de 2021 <\/b>Para que envidem esfor\u00e7os no sentido de fazer a Capina\u00e7\u00e3o nos terreno de \u00e1rea verde que fica localizados na Rua Sargento La\u00e9rcio Ara\u00fajo de Melo, Bairro S\u00e3o Jo\u00e3o da Esc\u00f3cia<b>.<\/b><\/p>\n<p style=\"text-align: justify;\"><b>REQUERIMENTO n\u00ba 3472 de 2021 <\/b>Para que envidem esfor\u00e7os no sentido de fazer a Retirada de Entulhos e a Capina\u00e7\u00e3o na esquina, ou seja, no cruzamento entre a avenida Bel\u00e9m de S\u00e3o Francisco e a 1\u00aa Travessa Jo\u00e3o Soares de Lira, Bairro Jardim Boa Vista<b>.<\/b><\/p>\n<p style=\"text-align: justify;\"><b>REQUERIMENTO n\u00ba 3473 de 2021<\/b> Para que envidem esfor\u00e7os no sentido de fazer a Retirada de Entulhos na Rua Tomaz Ant\u00f4nio de Gonzaga, S\u00e3o Francisco, Caruaru &#8211; PE, 55008-520<\/p>\n","protected":false},"excerpt":{"rendered":"<p>Confira as Proposituras d autoria do vereador Irm\u00e3o Ronaldo, que est\u00e3o tramitando na C\u00e2mara Municipal de Caruaru: PL 8934\/2021 &#8211;&hellip;<\/p>\n","protected":false},"author":1,"featured_media":75176,"comment_status":"open","ping_status":"open","sticky":false,"template":"","format":"standard","meta":{"footnotes":""},"categories":[14122],"tags":[2,19532,3406,22904,20],"class_list":["post-75175","post","type-post","status-publish","format-standard","has-post-thumbnail","hentry","category-politica","tag-blog-do-edvaldo-magalhaes","tag-blog-mais-acessado-e-visualizado-de-caruaru-e-regiao","tag-caruaru","tag-pl-do-vereador-irmao-ronaldo-institui-campanha-cuida-bem-de-mim-para-combater-a-violencia-e-os-maus-tratos-contra-criancas-e-adolescentes","tag-politica"],"_links":{"self":[{"href":"https:\/\/blogdoedvaldomagalhaes.com.br\/index.php\/wp-json\/wp\/v2\/posts\/75175","targetHints":{"allow":["GET"]}}],"collection":[{"href":"https:\/\/blogdoedvaldomagalhaes.com.br\/index.php\/wp-json\/wp\/v2\/posts"}],"about":[{"href":"https:\/\/blogdoedvaldomagalhaes.com.br\/index.php\/wp-json\/wp\/v2\/types\/post"}],"author":[{"embeddable":true,"href":"https:\/\/blogdoedvaldomagalhaes.com.br\/index.php\/wp-json\/wp\/v2\/users\/1"}],"replies":[{"embeddable":true,"href":"https:\/\/blogdoedvaldomagalhaes.com.br\/index.php\/wp-json\/wp\/v2\/comments?post=75175"}],"version-history":[{"count":1,"href":"https:\/\/blogdoedvaldomagalhaes.com.br\/index.php\/wp-json\/wp\/v2\/posts\/75175\/revisions"}],"predecessor-version":[{"id":75177,"href":"https:\/\/blogdoedvaldomagalhaes.com.br\/index.php\/wp-json\/wp\/v2\/posts\/75175\/revisions\/75177"}],"wp:featuredmedia":[{"embeddable":true,"href":"https:\/\/blogdoedvaldomagalhaes.com.br\/index.php\/wp-json\/wp\/v2\/media\/75176"}],"wp:attachment":[{"href":"https:\/\/blogdoedvaldomagalhaes.com.br\/index.php\/wp-json\/wp\/v2\/media?parent=75175"}],"wp:term":[{"taxonomy":"category","embeddable":true,"href":"https:\/\/blogdoedvaldomagalhaes.com.br\/index.php\/wp-json\/wp\/v2\/categories?post=75175"},{"taxonomy":"post_tag","embeddable":true,"href":"https:\/\/blogdoedvaldomagalhaes.com.br\/index.php\/wp-json\/wp\/v2\/tags?post=75175"}],"curies":[{"name":"wp","href":"https:\/\/api.w.org\/{rel}","templated":true}]}}