{"id":75165,"date":"2021-09-24T14:53:52","date_gmt":"2021-09-24T17:53:52","guid":{"rendered":"https:\/\/blogdoedvaldomagalhaes.com.br\/?p=75165"},"modified":"2021-09-24T14:53:53","modified_gmt":"2021-09-24T17:53:53","slug":"caruaru-realiza-vacinaco-de-2a-dose-contra-covid-19-neste-fim-de-semana","status":"publish","type":"post","link":"https:\/\/blogdoedvaldomagalhaes.com.br\/index.php\/2021\/09\/24\/caruaru-realiza-vacinaco-de-2a-dose-contra-covid-19-neste-fim-de-semana\/","title":{"rendered":"Caruaru realiza Vacina\u00e7o de 2\u00aa dose contra Covid-19 neste fim de semana"},"content":{"rendered":"<p style=\"text-align: justify;\"><span style=\"font-size: inherit;\">Neste s\u00e1bado (25) e domingo (26), a Secretaria de Sa\u00fade de Caruaru, ir\u00e1 realizar o Vacina\u00e7o para a aplica\u00e7\u00e3o da 2\u00aa dose (D2) contra a Covid-19. O mutir\u00e3o acontece com hor\u00e1rio de funcionamento ampliado, das 7h30 \u00e0s 21h.<\/span><\/p>\n<p style=\"text-align: justify;\">Na ocasi\u00e3o, ser\u00e3o vacinadas as pessoas que ainda n\u00e3o tenham tomado a D2 e que estejam dentro do prazo da aplica\u00e7\u00e3o do imunizante, que \u00e9 de 90 dias para AstraZeneca\/Oxford, 60 dias para Pfizer\/BioNTech e 28 dias para a CoronaVac\/Butantan.<\/p>\n<p style=\"text-align: justify;\">\u201cJ\u00e1 alcan\u00e7amos mais de 100% da popula\u00e7\u00e3o adulta vacinada com pelo menos uma dose. Nossa meta \u00e9 aumentar tamb\u00e9m os n\u00fameros das pessoas imunizadas com as duas doses e, assim, completar o esquema vacinal, garantindo uma maior prote\u00e7\u00e3o contra a Covid-19\u201d, explicou a coordenadora do PNI, Tatiane Lino.<\/p>\n<p style=\"text-align: justify;\">No dia do mutir\u00e3o, \u00e9 importante comparecer ao Centro de Vacina\u00e7\u00e3o Covid-19, no Espa\u00e7o Cultural Tancredo Neves, levando documento oficial com foto, c\u00f3pia do CPF, Cart\u00e3o Nacional do SUS (CNS), comprovantes de resid\u00eancia e da 1\u00aa dose da vacina\u00e7\u00e3o. N\u00e3o \u00e9 necess\u00e1rio agendamento.<\/p>\n<p style=\"text-align: justify;\">Foto: Elvis Edson.<\/p>\n","protected":false},"excerpt":{"rendered":"<p>Neste s\u00e1bado (25) e domingo (26), a Secretaria de Sa\u00fade de Caruaru, ir\u00e1 realizar o Vacina\u00e7o para a aplica\u00e7\u00e3o da&hellip;<\/p>\n","protected":false},"author":1,"featured_media":75166,"comment_status":"open","ping_status":"open","sticky":false,"template":"","format":"standard","meta":{"footnotes":""},"categories":[14120],"tags":[2,19532,3406,22901,17559,19670],"class_list":["post-75165","post","type-post","status-publish","format-standard","has-post-thumbnail","hentry","category-noticias","tag-blog-do-edvaldo-magalhaes","tag-blog-mais-acessado-e-visualizado-de-caruaru-e-regiao","tag-caruaru","tag-caruaru-realiza-vacinaco-de-2a-dose-contra-covid-19-neste-fim-de-semana","tag-covid-19","tag-novo-coronavirus"],"_links":{"self":[{"href":"https:\/\/blogdoedvaldomagalhaes.com.br\/index.php\/wp-json\/wp\/v2\/posts\/75165","targetHints":{"allow":["GET"]}}],"collection":[{"href":"https:\/\/blogdoedvaldomagalhaes.com.br\/index.php\/wp-json\/wp\/v2\/posts"}],"about":[{"href":"https:\/\/blogdoedvaldomagalhaes.com.br\/index.php\/wp-json\/wp\/v2\/types\/post"}],"author":[{"embeddable":true,"href":"https:\/\/blogdoedvaldomagalhaes.com.br\/index.php\/wp-json\/wp\/v2\/users\/1"}],"replies":[{"embeddable":true,"href":"https:\/\/blogdoedvaldomagalhaes.com.br\/index.php\/wp-json\/wp\/v2\/comments?post=75165"}],"version-history":[{"count":1,"href":"https:\/\/blogdoedvaldomagalhaes.com.br\/index.php\/wp-json\/wp\/v2\/posts\/75165\/revisions"}],"predecessor-version":[{"id":75167,"href":"https:\/\/blogdoedvaldomagalhaes.com.br\/index.php\/wp-json\/wp\/v2\/posts\/75165\/revisions\/75167"}],"wp:featuredmedia":[{"embeddable":true,"href":"https:\/\/blogdoedvaldomagalhaes.com.br\/index.php\/wp-json\/wp\/v2\/media\/75166"}],"wp:attachment":[{"href":"https:\/\/blogdoedvaldomagalhaes.com.br\/index.php\/wp-json\/wp\/v2\/media?parent=75165"}],"wp:term":[{"taxonomy":"category","embeddable":true,"href":"https:\/\/blogdoedvaldomagalhaes.com.br\/index.php\/wp-json\/wp\/v2\/categories?post=75165"},{"taxonomy":"post_tag","embeddable":true,"href":"https:\/\/blogdoedvaldomagalhaes.com.br\/index.php\/wp-json\/wp\/v2\/tags?post=75165"}],"curies":[{"name":"wp","href":"https:\/\/api.w.org\/{rel}","templated":true}]}}