{"id":75162,"date":"2021-09-24T14:04:28","date_gmt":"2021-09-24T17:04:28","guid":{"rendered":"https:\/\/blogdoedvaldomagalhaes.com.br\/?p=75162"},"modified":"2021-09-24T14:04:30","modified_gmt":"2021-09-24T17:04:30","slug":"vereadores-se-unem-para-fortalecer-trabalho-da-oposicao-na-camara-de-caruaru","status":"publish","type":"post","link":"https:\/\/blogdoedvaldomagalhaes.com.br\/index.php\/2021\/09\/24\/vereadores-se-unem-para-fortalecer-trabalho-da-oposicao-na-camara-de-caruaru\/","title":{"rendered":"Vereadores se unem para fortalecer trabalho da oposi\u00e7\u00e3o na C\u00e2mara de Caruaru"},"content":{"rendered":"<p style=\"text-align: justify;\">Para fortalecer o trabalho e a forma de atua\u00e7\u00e3o na C\u00e2mara de Caruaru, os tr\u00eas vereadores que atuam como oposi\u00e7\u00e3o ao governo Municipal, estiveram reunidos nesta sexta-feira (24) para selar a uni\u00e3o e debater ideias que beneficiem a popula\u00e7\u00e3o.<\/p>\n<p style=\"text-align: justify;\">Leia a nota na \u00edntegra:<\/p>\n<p style=\"text-align: justify;\">N\u00e3o h\u00e1 democracia sem o exerc\u00edcio do contradit\u00f3rio, sem di\u00e1logo e sem garantia do pensamento cr\u00edtico. Assim, nosso sentimento de uni\u00e3o para o exerc\u00edcio dessas premissas, tem se fortalecido a cada dia! Sejamos oficialmente oposi\u00e7\u00e3o ou independente, como o colega e vereador Cabo Cardoso, se denomina, o que importa \u00e9 que nossa presen\u00e7a na C\u00e2mara de Vereadores de Caruaru \u00e9 fundamental para a garantia da qualidade da democracia naquela Casa Parlamentar. Seremos e somos coerentes, conscientes e \u00e9ticos, e com a nossa alian\u00e7a s\u00f3 quem sai ganhando \u00e9 o povo de Caruaru! Nosso compromisso \u00e9 com nossa hist\u00f3ria de luta, cada um na sua \u00e1rea de atua\u00e7\u00e3o, \u00e9 com o bem da nossa cidade e principalmente com o Povo de Caruaru que pode contar com esse trio que \u00e9 definido pela coragem, a resist\u00eancia e a esperan\u00e7a na luta pelo \u2018Bem Comum\u2019!<\/p>\n<p style=\"text-align: justify;\">Caruaru 23\/09\/2021<br \/>\nVereador Fagner Fernandes (PDT) &#8211; L\u00edder da oposi\u00e7\u00e3o na C\u00e2mara<br \/>\nVereadora Perp\u00e9tua Dantas (PSDB)<br \/>\nVereador Cabo Cardoso (PP)<\/p>\n","protected":false},"excerpt":{"rendered":"<p>Para fortalecer o trabalho e a forma de atua\u00e7\u00e3o na C\u00e2mara de Caruaru, os tr\u00eas vereadores que atuam como oposi\u00e7\u00e3o&hellip;<\/p>\n","protected":false},"author":1,"featured_media":75163,"comment_status":"open","ping_status":"open","sticky":false,"template":"","format":"standard","meta":{"footnotes":""},"categories":[14122],"tags":[2,19532,3406,20,22900],"class_list":["post-75162","post","type-post","status-publish","format-standard","has-post-thumbnail","hentry","category-politica","tag-blog-do-edvaldo-magalhaes","tag-blog-mais-acessado-e-visualizado-de-caruaru-e-regiao","tag-caruaru","tag-politica","tag-vereadores-se-unem-para-fortalecer-trabalho-da-oposicao-na-camara-de-caruaru"],"_links":{"self":[{"href":"https:\/\/blogdoedvaldomagalhaes.com.br\/index.php\/wp-json\/wp\/v2\/posts\/75162","targetHints":{"allow":["GET"]}}],"collection":[{"href":"https:\/\/blogdoedvaldomagalhaes.com.br\/index.php\/wp-json\/wp\/v2\/posts"}],"about":[{"href":"https:\/\/blogdoedvaldomagalhaes.com.br\/index.php\/wp-json\/wp\/v2\/types\/post"}],"author":[{"embeddable":true,"href":"https:\/\/blogdoedvaldomagalhaes.com.br\/index.php\/wp-json\/wp\/v2\/users\/1"}],"replies":[{"embeddable":true,"href":"https:\/\/blogdoedvaldomagalhaes.com.br\/index.php\/wp-json\/wp\/v2\/comments?post=75162"}],"version-history":[{"count":1,"href":"https:\/\/blogdoedvaldomagalhaes.com.br\/index.php\/wp-json\/wp\/v2\/posts\/75162\/revisions"}],"predecessor-version":[{"id":75164,"href":"https:\/\/blogdoedvaldomagalhaes.com.br\/index.php\/wp-json\/wp\/v2\/posts\/75162\/revisions\/75164"}],"wp:featuredmedia":[{"embeddable":true,"href":"https:\/\/blogdoedvaldomagalhaes.com.br\/index.php\/wp-json\/wp\/v2\/media\/75163"}],"wp:attachment":[{"href":"https:\/\/blogdoedvaldomagalhaes.com.br\/index.php\/wp-json\/wp\/v2\/media?parent=75162"}],"wp:term":[{"taxonomy":"category","embeddable":true,"href":"https:\/\/blogdoedvaldomagalhaes.com.br\/index.php\/wp-json\/wp\/v2\/categories?post=75162"},{"taxonomy":"post_tag","embeddable":true,"href":"https:\/\/blogdoedvaldomagalhaes.com.br\/index.php\/wp-json\/wp\/v2\/tags?post=75162"}],"curies":[{"name":"wp","href":"https:\/\/api.w.org\/{rel}","templated":true}]}}