{"id":75159,"date":"2021-09-24T11:01:13","date_gmt":"2021-09-24T14:01:13","guid":{"rendered":"https:\/\/blogdoedvaldomagalhaes.com.br\/?p=75159"},"modified":"2021-09-24T11:01:15","modified_gmt":"2021-09-24T14:01:15","slug":"espetaculo-padre-cicero-encerra-temporada-neste-fim-de-semana-em-caruaru","status":"publish","type":"post","link":"https:\/\/blogdoedvaldomagalhaes.com.br\/index.php\/2021\/09\/24\/espetaculo-padre-cicero-encerra-temporada-neste-fim-de-semana-em-caruaru\/","title":{"rendered":"Espet\u00e1culo Padre C\u00edcero encerra temporada neste fim de semana em Caruaru"},"content":{"rendered":"<p style=\"text-align: justify;\"><span style=\"font-size: inherit;\">O sucesso de p\u00fablico e de critica, chega ao fim a temporada do espet\u00e1culo PADRE C\u00cdCERO, A F\u00c9 &#8211; Esperan\u00e7a de um Povo Nordestino, no teatro Jo\u00e3o Lyra Filho, em Caruaru. A pe\u00e7a que marcou a volta das artes c\u00eanicas caruaruense ap\u00f3s a paraliza\u00e7\u00e3o provocada pela pandemia do Covid 19, atraiu a aten\u00e7\u00e3o de mais de 2 mil espectadores que quase sempre atingiram os limites que regem os protocolos do decreto estadual, que passou do limite de 100 a 175 espectadores por sess\u00e3o ao longo da temporada.<\/span><\/p>\n<p style=\"text-align: justify;\">O produtor executivo do espet\u00e1culo, Claudio Soares, ressaltou a import\u00e2ncia dessa retomada de atividades culturais relatando o sucesso do investimento: \u201cApostamos num espet\u00e1culo sentimental, hist\u00f3rico, bonito e musical porque sent\u00edamos que o p\u00fablico estava carente desses elementos. O resultado foi maravilhoso com o publico atendendo nosso chamado e um grupo de parceiros que entendeu e possibilitou entrarmos em cena\u201d, falou, acrescentando que o espet\u00e1culo foi apresentado para outras cidades da regi\u00e3o, dentro e fora da temporada. \u201cFoi incr\u00edvel a presen\u00e7a de diversas pessoas do agreste ao sert\u00e3o na plateia. Uma prova do alcance da m\u00eddia pensada e, claro, da qualidade do espet\u00e1culo. At\u00e9 o fim do ano, nossa meta \u00e9 apresenta-lo em outras cidades\u201d, pontua.<\/p>\n<p style=\"text-align: justify;\">O ator e protagonista da pe\u00e7a, J\u00f4 Albuquerque, falou sobre o espet\u00e1culo e do alcance do p\u00fablico. Assinando o texto, o ator prega que \u201ca velha m\u00e1xima do Teatro ainda se sobrep\u00f5e. Um texto que conta uma hist\u00f3ria rica, um elenco afinado e uma excelente divulga\u00e7\u00e3o ser\u00e3o sempre capazes de atrair uma boa plateia\u201d.<\/p>\n<p style=\"text-align: justify;\">O espet\u00e1culo acontece nesta sexta e s\u00e1bado, 21h, no teatro Jo\u00e3o Lyra Filho. Os ingressos custam R$ 20,00 podem ser adquiridos na Dona Bodega Cafeteria do Shopping Difusora at\u00e9 \u00e0s 19h e na bilheteria do teatro a partir das 20h. Mais informa\u00e7\u00f5es podem ser obtidas pelo whatsapp 81 99303.5008.<\/p>\n","protected":false},"excerpt":{"rendered":"<p>O sucesso de p\u00fablico e de critica, chega ao fim a temporada do espet\u00e1culo PADRE C\u00cdCERO, A F\u00c9 &#8211; Esperan\u00e7a&hellip;<\/p>\n","protected":false},"author":1,"featured_media":75160,"comment_status":"open","ping_status":"open","sticky":false,"template":"","format":"standard","meta":{"footnotes":""},"categories":[14120],"tags":[2,19532,3406,22899,5561],"class_list":["post-75159","post","type-post","status-publish","format-standard","has-post-thumbnail","hentry","category-noticias","tag-blog-do-edvaldo-magalhaes","tag-blog-mais-acessado-e-visualizado-de-caruaru-e-regiao","tag-caruaru","tag-espetaculo-padre-cicero-encerra-temporada-neste-fim-de-semana-em-caruaru","tag-jo-albuquerque"],"_links":{"self":[{"href":"https:\/\/blogdoedvaldomagalhaes.com.br\/index.php\/wp-json\/wp\/v2\/posts\/75159","targetHints":{"allow":["GET"]}}],"collection":[{"href":"https:\/\/blogdoedvaldomagalhaes.com.br\/index.php\/wp-json\/wp\/v2\/posts"}],"about":[{"href":"https:\/\/blogdoedvaldomagalhaes.com.br\/index.php\/wp-json\/wp\/v2\/types\/post"}],"author":[{"embeddable":true,"href":"https:\/\/blogdoedvaldomagalhaes.com.br\/index.php\/wp-json\/wp\/v2\/users\/1"}],"replies":[{"embeddable":true,"href":"https:\/\/blogdoedvaldomagalhaes.com.br\/index.php\/wp-json\/wp\/v2\/comments?post=75159"}],"version-history":[{"count":1,"href":"https:\/\/blogdoedvaldomagalhaes.com.br\/index.php\/wp-json\/wp\/v2\/posts\/75159\/revisions"}],"predecessor-version":[{"id":75161,"href":"https:\/\/blogdoedvaldomagalhaes.com.br\/index.php\/wp-json\/wp\/v2\/posts\/75159\/revisions\/75161"}],"wp:featuredmedia":[{"embeddable":true,"href":"https:\/\/blogdoedvaldomagalhaes.com.br\/index.php\/wp-json\/wp\/v2\/media\/75160"}],"wp:attachment":[{"href":"https:\/\/blogdoedvaldomagalhaes.com.br\/index.php\/wp-json\/wp\/v2\/media?parent=75159"}],"wp:term":[{"taxonomy":"category","embeddable":true,"href":"https:\/\/blogdoedvaldomagalhaes.com.br\/index.php\/wp-json\/wp\/v2\/categories?post=75159"},{"taxonomy":"post_tag","embeddable":true,"href":"https:\/\/blogdoedvaldomagalhaes.com.br\/index.php\/wp-json\/wp\/v2\/tags?post=75159"}],"curies":[{"name":"wp","href":"https:\/\/api.w.org\/{rel}","templated":true}]}}