{"id":75153,"date":"2021-09-24T10:26:14","date_gmt":"2021-09-24T13:26:14","guid":{"rendered":"https:\/\/blogdoedvaldomagalhaes.com.br\/?p=75153"},"modified":"2021-09-24T10:26:15","modified_gmt":"2021-09-24T13:26:15","slug":"tony-e-tonynho-recebem-demandas-da-associacao-dos-forrozeiros-de-caruaru","status":"publish","type":"post","link":"https:\/\/blogdoedvaldomagalhaes.com.br\/index.php\/2021\/09\/24\/tony-e-tonynho-recebem-demandas-da-associacao-dos-forrozeiros-de-caruaru\/","title":{"rendered":"Tony e Tonynho recebem demandas da associa\u00e7\u00e3o dos forrozeiros de Caruaru"},"content":{"rendered":"<p style=\"text-align: justify;\"><span style=\"font-size: inherit;\">O deputado estadual Tony Gel e o empres\u00e1rio Tonynho Rodrigues, ambos do MDB, receberam o presidente da Associa\u00e7\u00e3o dos Forrozeiros e Trios P\u00e9-de-serra da Capital do Forr\u00f3, Didi Caruaru. O encontro aconteceu no escrit\u00f3rio pol\u00edtico do parlamentar.<\/span><\/p>\n<p style=\"text-align: justify;\">Na ocasi\u00e3o, Tony e Tonynho ouviram de Didi Caruaru, presidente da Asfoc, demandas dos forrozeiros e trios p\u00e9-de-serra que fazem parte da hist\u00f3ria junina da Cidade.<\/p>\n<p style=\"text-align: justify;\">Tony Gel e Tonynho enalteceram o trabalho de Didi de Caruaru \u00e0 frente da associa\u00e7\u00e3o, e elogiaram o seu empenho em prol dos forrozeiros e dos trios p\u00e9-de-serra que enfrentam dificuldades por conta da falta de eventos durante a pandemia.<\/p>\n","protected":false},"excerpt":{"rendered":"<p>O deputado estadual Tony Gel e o empres\u00e1rio Tonynho Rodrigues, ambos do MDB, receberam o presidente da Associa\u00e7\u00e3o dos Forrozeiros&hellip;<\/p>\n","protected":false},"author":1,"featured_media":75154,"comment_status":"open","ping_status":"open","sticky":false,"template":"","format":"standard","meta":{"footnotes":""},"categories":[14122],"tags":[2,19532,3406,20,22897],"class_list":["post-75153","post","type-post","status-publish","format-standard","has-post-thumbnail","hentry","category-politica","tag-blog-do-edvaldo-magalhaes","tag-blog-mais-acessado-e-visualizado-de-caruaru-e-regiao","tag-caruaru","tag-politica","tag-tony-e-tonynho-recebem-demandas-da-associacao-dos-forrozeiros-de-caruaru"],"_links":{"self":[{"href":"https:\/\/blogdoedvaldomagalhaes.com.br\/index.php\/wp-json\/wp\/v2\/posts\/75153","targetHints":{"allow":["GET"]}}],"collection":[{"href":"https:\/\/blogdoedvaldomagalhaes.com.br\/index.php\/wp-json\/wp\/v2\/posts"}],"about":[{"href":"https:\/\/blogdoedvaldomagalhaes.com.br\/index.php\/wp-json\/wp\/v2\/types\/post"}],"author":[{"embeddable":true,"href":"https:\/\/blogdoedvaldomagalhaes.com.br\/index.php\/wp-json\/wp\/v2\/users\/1"}],"replies":[{"embeddable":true,"href":"https:\/\/blogdoedvaldomagalhaes.com.br\/index.php\/wp-json\/wp\/v2\/comments?post=75153"}],"version-history":[{"count":1,"href":"https:\/\/blogdoedvaldomagalhaes.com.br\/index.php\/wp-json\/wp\/v2\/posts\/75153\/revisions"}],"predecessor-version":[{"id":75155,"href":"https:\/\/blogdoedvaldomagalhaes.com.br\/index.php\/wp-json\/wp\/v2\/posts\/75153\/revisions\/75155"}],"wp:featuredmedia":[{"embeddable":true,"href":"https:\/\/blogdoedvaldomagalhaes.com.br\/index.php\/wp-json\/wp\/v2\/media\/75154"}],"wp:attachment":[{"href":"https:\/\/blogdoedvaldomagalhaes.com.br\/index.php\/wp-json\/wp\/v2\/media?parent=75153"}],"wp:term":[{"taxonomy":"category","embeddable":true,"href":"https:\/\/blogdoedvaldomagalhaes.com.br\/index.php\/wp-json\/wp\/v2\/categories?post=75153"},{"taxonomy":"post_tag","embeddable":true,"href":"https:\/\/blogdoedvaldomagalhaes.com.br\/index.php\/wp-json\/wp\/v2\/tags?post=75153"}],"curies":[{"name":"wp","href":"https:\/\/api.w.org\/{rel}","templated":true}]}}