{"id":7513,"date":"2016-12-02T17:07:00","date_gmt":"2016-12-02T19:07:00","guid":{"rendered":"http:\/\/blogdoedvaldomagalhaes.com.br\/index.php\/2016\/12\/02\/icia-celebra-o-dia-internacional-do\/"},"modified":"2019-02-09T01:08:18","modified_gmt":"2019-02-09T03:08:18","slug":"icia-celebra-o-dia-internacional-do","status":"publish","type":"post","link":"https:\/\/blogdoedvaldomagalhaes.com.br\/index.php\/2016\/12\/02\/icia-celebra-o-dia-internacional-do\/","title":{"rendered":"Icia celebra o Dia Internacional do Voluntariado"},"content":{"rendered":"<div class=\"separator\" style=\"clear: both; text-align: center;\">\n<a href=\"https:\/\/4.bp.blogspot.com\/-6dSNsyu9BVg\/WEGqS_-KnPI\/AAAAAAAAKzY\/cU-9yhTAtNsI5vmP64r37QY3ahgGwQR1gCLcB\/s1600\/icia.jpg\" imageanchor=\"1\" style=\"margin-left: 1em; margin-right: 1em;\"><img loading=\"lazy\" decoding=\"async\" border=\"0\" height=\"252\" src=\"http:\/\/blogdoedvaldomagalhaes.com.br\/wp-content\/uploads\/2016\/12\/icia.jpg\" width=\"320\" \/><\/a><\/div>\n<div style=\"background-color: white; text-align: justify;\">\n<\/div>\n<div style=\"background-color: white; text-align: justify;\">\nA&nbsp;Organiza\u00e7\u00e3o das Na\u00e7\u00f5es Unidas institui o dia 5 de dezembro como o dia internacional do volunt\u00e1rio. A ONU define o volunt\u00e1rio como uma pessoa que, devido a seu interesse pessoal e ao seu esp\u00edrito c\u00edvico, dedica parte do seu tempo, sem remunera\u00e7\u00e3o alguma, a diversas formas de atividades de bem-estar social.&nbsp;O trabalho&nbsp;volunt\u00e1rio al\u00e9m de trazer um retorno intang\u00edvel em termos de satisfa\u00e7\u00e3o e bem-estar para quem o pratica, tamb\u00e9m pode fazer a diferen\u00e7a na hora de conseguir uma vaga no mercado de trabalho. As empresas est\u00e3o valorizando cada vez mais os profissionais que estejam engajados em algum tipo de trabalho volunt\u00e1rio junto \u00e0 sociedade. Primeiro porque os empres\u00e1rios visam a melhoria nos servi\u00e7os prestados ao cliente, e pessoas com esp\u00edrito social, normalmente, s\u00e3o mais eficazes nesse ponto. Segundo porque, se a pessoa tem olhos para a sociedade da qual faz parte, dentro da empresa ter\u00e1 uma vis\u00e3o de conjunto capaz de abranger todo o contexto e n\u00e3o apenas o seu setor.<\/div>\n<div class=\"MsoNormal\" style=\"background-color: white; line-height: normal; margin-bottom: 0.0001pt; text-align: justify; vertical-align: baseline;\">\n<\/div>\n<div class=\"MsoNormal\" style=\"background-color: white; line-height: normal; margin-bottom: 0.0001pt; text-align: justify; vertical-align: baseline;\">\nPara o Instituto do C\u00e2ncer Infantil do Agreste, o volunt\u00e1rio \u00e9 visto como um empreendedor social, uma pessoa que traz consigo a disponibilidade de mudar a vida de crian\u00e7as com c\u00e2ncer, mesmo que seja com um simples sorriso ou um abra\u00e7o apertado. \u00c9 algu\u00e9m que conhece a import\u00e2ncia de compartilhar o que temos de mais precioso: amor, respeito, felicidade, conhecimento, tempo e humildade. O volunt\u00e1rio \u00e9 uma pessoa evolu\u00edda em esp\u00edrito, mente e cora\u00e7\u00e3o.<\/div>\n<div class=\"MsoNormal\" style=\"background-color: white; line-height: normal; margin-bottom: 0.0001pt; text-align: justify; vertical-align: baseline;\">\n<\/div>\n<div class=\"MsoNormal\" style=\"background-color: white; line-height: normal; margin-bottom: 0.0001pt; text-align: justify; vertical-align: baseline;\">\n<b>As a\u00e7\u00f5es que ser\u00e3o realizadas no ICIA na pr\u00f3xima segunda-feira (05):<\/b><\/div>\n<div class=\"MsoNormal\" style=\"background-color: white; line-height: normal; margin-bottom: 0.0001pt; text-align: justify; vertical-align: baseline;\">\n<\/div>\n<div class=\"MsoNormal\" style=\"background-color: white; line-height: normal; margin-bottom: 0.0001pt; text-align: justify; vertical-align: baseline;\">\nOficina de bonecas de pano e apresenta\u00e7\u00e3o musical com Chistiane Mendes<\/div>\n<div class=\"MsoNormal\" style=\"background-color: white; line-height: normal; margin-bottom: 0.0001pt; text-align: justify; vertical-align: baseline;\">\nPalestra sobre cidadania e direitos com Dra. Lucimary Passos.<\/div>\n<div class=\"MsoNormal\" style=\"background-color: white; line-height: normal; margin-bottom: 0.0001pt; text-align: justify; vertical-align: baseline;\">\n<\/div>\n<div class=\"MsoNormal\" style=\"background-color: white; line-height: normal; margin-bottom: 0.0001pt; text-align: justify; vertical-align: baseline;\">\nCome\u00e7ando as atividades \u00e0s 9h, na institui\u00e7\u00e3o.<\/div>\n","protected":false},"excerpt":{"rendered":"<p>A&nbsp;Organiza\u00e7\u00e3o das Na\u00e7\u00f5es Unidas institui o dia 5 de dezembro como o dia internacional do volunt\u00e1rio. A ONU define o&hellip;<\/p>\n","protected":false},"author":1,"featured_media":0,"comment_status":"open","ping_status":"open","sticky":false,"template":"","format":"standard","meta":{"footnotes":""},"categories":[1],"tags":[2,10679,10680,6961,6,10681],"class_list":["post-7513","post","type-post","status-publish","format-standard","hentry","category-sem-categoria","tag-blog-do-edvaldo-magalhaes","tag-chistiane-mendes","tag-icia-celebra-o-dia-internacional-do-voluntariado","tag-lucimary-passos","tag-noticias","tag-onu"],"_links":{"self":[{"href":"https:\/\/blogdoedvaldomagalhaes.com.br\/index.php\/wp-json\/wp\/v2\/posts\/7513","targetHints":{"allow":["GET"]}}],"collection":[{"href":"https:\/\/blogdoedvaldomagalhaes.com.br\/index.php\/wp-json\/wp\/v2\/posts"}],"about":[{"href":"https:\/\/blogdoedvaldomagalhaes.com.br\/index.php\/wp-json\/wp\/v2\/types\/post"}],"author":[{"embeddable":true,"href":"https:\/\/blogdoedvaldomagalhaes.com.br\/index.php\/wp-json\/wp\/v2\/users\/1"}],"replies":[{"embeddable":true,"href":"https:\/\/blogdoedvaldomagalhaes.com.br\/index.php\/wp-json\/wp\/v2\/comments?post=7513"}],"version-history":[{"count":1,"href":"https:\/\/blogdoedvaldomagalhaes.com.br\/index.php\/wp-json\/wp\/v2\/posts\/7513\/revisions"}],"predecessor-version":[{"id":14596,"href":"https:\/\/blogdoedvaldomagalhaes.com.br\/index.php\/wp-json\/wp\/v2\/posts\/7513\/revisions\/14596"}],"wp:attachment":[{"href":"https:\/\/blogdoedvaldomagalhaes.com.br\/index.php\/wp-json\/wp\/v2\/media?parent=7513"}],"wp:term":[{"taxonomy":"category","embeddable":true,"href":"https:\/\/blogdoedvaldomagalhaes.com.br\/index.php\/wp-json\/wp\/v2\/categories?post=7513"},{"taxonomy":"post_tag","embeddable":true,"href":"https:\/\/blogdoedvaldomagalhaes.com.br\/index.php\/wp-json\/wp\/v2\/tags?post=7513"}],"curies":[{"name":"wp","href":"https:\/\/api.w.org\/{rel}","templated":true}]}}