{"id":75010,"date":"2021-09-20T20:46:20","date_gmt":"2021-09-20T23:46:20","guid":{"rendered":"https:\/\/blogdoedvaldomagalhaes.com.br\/?p=75010"},"modified":"2021-09-20T20:46:21","modified_gmt":"2021-09-20T23:46:21","slug":"central-vai-treinar-na-cidade-de-alianca-para-fase-classificatoria-da-copa-do-nordeste","status":"publish","type":"post","link":"https:\/\/blogdoedvaldomagalhaes.com.br\/index.php\/2021\/09\/20\/central-vai-treinar-na-cidade-de-alianca-para-fase-classificatoria-da-copa-do-nordeste\/","title":{"rendered":"Central vai treinar na cidade de Alian\u00e7a, para fase classificat\u00f3ria da Copa do Nordeste"},"content":{"rendered":"<p style=\"text-align: justify;\">O presidente do Central, Clenio Lima, fechou uma parceria nesta segunda-feira (20) com a Prefeitura de Alian\u00e7a, na Zona da Mata Norte, atrav\u00e9s do seu prefeito Xisto Freitas, para a prepara\u00e7\u00e3o da fase classificat\u00f3ria da Copa do Nordeste.<\/p>\n<p style=\"text-align: justify;\">O in\u00edcio da prepara\u00e7\u00e3o ser\u00e1 nesta sexta-feira (24), solicita\u00e7\u00e3o do treinador Nilson Corr\u00eaa. A prefeitura disponibilizou infraestrutura de hotel, parque aqu\u00e1tico e de dois campos de futebol para a Patativa.<\/p>\n<p style=\"text-align: justify;\">Na parceria, o sub-16 da Central Academy CT Falc\u00e3o tamb\u00e9m far\u00e1 alguns jogos na cidade de Alian\u00e7a.<\/p>\n","protected":false},"excerpt":{"rendered":"<p>O presidente do Central, Clenio Lima, fechou uma parceria nesta segunda-feira (20) com a Prefeitura de Alian\u00e7a, na Zona da&hellip;<\/p>\n","protected":false},"author":1,"featured_media":75011,"comment_status":"open","ping_status":"open","sticky":false,"template":"","format":"standard","meta":{"footnotes":""},"categories":[14123],"tags":[2,19532,3406,2954,22859,3],"class_list":["post-75010","post","type-post","status-publish","format-standard","has-post-thumbnail","hentry","category-futebol","tag-blog-do-edvaldo-magalhaes","tag-blog-mais-acessado-e-visualizado-de-caruaru-e-regiao","tag-caruaru","tag-central-sport-club","tag-central-vai-treinar-na-cidade-de-alianca-para-fase-classificatoria-da-copa-do-nordeste","tag-futebol"],"_links":{"self":[{"href":"https:\/\/blogdoedvaldomagalhaes.com.br\/index.php\/wp-json\/wp\/v2\/posts\/75010","targetHints":{"allow":["GET"]}}],"collection":[{"href":"https:\/\/blogdoedvaldomagalhaes.com.br\/index.php\/wp-json\/wp\/v2\/posts"}],"about":[{"href":"https:\/\/blogdoedvaldomagalhaes.com.br\/index.php\/wp-json\/wp\/v2\/types\/post"}],"author":[{"embeddable":true,"href":"https:\/\/blogdoedvaldomagalhaes.com.br\/index.php\/wp-json\/wp\/v2\/users\/1"}],"replies":[{"embeddable":true,"href":"https:\/\/blogdoedvaldomagalhaes.com.br\/index.php\/wp-json\/wp\/v2\/comments?post=75010"}],"version-history":[{"count":1,"href":"https:\/\/blogdoedvaldomagalhaes.com.br\/index.php\/wp-json\/wp\/v2\/posts\/75010\/revisions"}],"predecessor-version":[{"id":75012,"href":"https:\/\/blogdoedvaldomagalhaes.com.br\/index.php\/wp-json\/wp\/v2\/posts\/75010\/revisions\/75012"}],"wp:featuredmedia":[{"embeddable":true,"href":"https:\/\/blogdoedvaldomagalhaes.com.br\/index.php\/wp-json\/wp\/v2\/media\/75011"}],"wp:attachment":[{"href":"https:\/\/blogdoedvaldomagalhaes.com.br\/index.php\/wp-json\/wp\/v2\/media?parent=75010"}],"wp:term":[{"taxonomy":"category","embeddable":true,"href":"https:\/\/blogdoedvaldomagalhaes.com.br\/index.php\/wp-json\/wp\/v2\/categories?post=75010"},{"taxonomy":"post_tag","embeddable":true,"href":"https:\/\/blogdoedvaldomagalhaes.com.br\/index.php\/wp-json\/wp\/v2\/tags?post=75010"}],"curies":[{"name":"wp","href":"https:\/\/api.w.org\/{rel}","templated":true}]}}