{"id":75002,"date":"2021-09-20T19:59:21","date_gmt":"2021-09-20T22:59:21","guid":{"rendered":"https:\/\/blogdoedvaldomagalhaes.com.br\/?p=75002"},"modified":"2021-09-20T19:59:23","modified_gmt":"2021-09-20T22:59:23","slug":"secretarias-de-educacao-e-saude-de-caruaru-ofertam-vagas-de-emprego","status":"publish","type":"post","link":"https:\/\/blogdoedvaldomagalhaes.com.br\/index.php\/2021\/09\/20\/secretarias-de-educacao-e-saude-de-caruaru-ofertam-vagas-de-emprego\/","title":{"rendered":"Secretarias de Educa\u00e7\u00e3o e Sa\u00fade de Caruaru ofertam vagas de emprego"},"content":{"rendered":"<p style=\"text-align: justify;\"><span style=\"font-size: inherit;\">A Secretaria de Administra\u00e7\u00e3o de Caruaru (SAD), divulga o processo seletivo que foi aberto, esta semana, com o objetivo de preencher postos tempor\u00e1rios de trabalho oferecidos na Secretaria de Educa\u00e7\u00e3o (Seduc). Ao todo, 40 vagas se encontram dispon\u00edveis, sendo 20 delas para psic\u00f3logo e 20 para assistente social.<\/span><\/p>\n<p style=\"text-align: justify;\">Para cada fun\u00e7\u00e3o, h\u00e1 uma vaga em aberto para portador de defici\u00eancia. Os selecionados atuar\u00e3o na Seduc e em unidades educacionais do munic\u00edpio.<\/p>\n<p style=\"text-align: justify;\">Interessados podem fazer as inscri\u00e7\u00f5es, at\u00e9 a pr\u00f3xima sexta-feira (24), acessando o portal https:\/\/www.selecoes.caruaru.pe.gov.br. De acordo com o edital da sele\u00e7\u00e3o, cada candidato s\u00f3 pode concorrer a apenas uma vaga. J\u00e1 o resultado preliminar do processo ser\u00e1 divulgado no mesmo site e no Di\u00e1rio Oficial do munic\u00edpio.<\/p>\n<p style=\"text-align: justify;\">Em caso de d\u00favidas, os candidatos podem enviar e-mail para o endere\u00e7o selecoespmc@gmail.com ou entrar em contato pelo telefone (81) 3721-8507 (Ramal 212), hor\u00e1rio de atendimento das 8h \u00e0s 13h.<\/p>\n<p style=\"text-align: justify;\">Sa\u00fade<\/p>\n<p style=\"text-align: justify;\">Outro processo que se encontra em aberto na Prefeitura visa selecionar m\u00e9dicos plantonistas. As inscri\u00e7\u00f5es prosseguem at\u00e9 esta quarta-feira (22), na mesma plataforma, com cinco vagas em aberto, sendo uma delas para portador de defici\u00eancia.<\/p>\n","protected":false},"excerpt":{"rendered":"<p>A Secretaria de Administra\u00e7\u00e3o de Caruaru (SAD), divulga o processo seletivo que foi aberto, esta semana, com o objetivo de&hellip;<\/p>\n","protected":false},"author":1,"featured_media":75003,"comment_status":"open","ping_status":"open","sticky":false,"template":"","format":"standard","meta":{"footnotes":""},"categories":[14120],"tags":[2,19532,3406,22857],"class_list":["post-75002","post","type-post","status-publish","format-standard","has-post-thumbnail","hentry","category-noticias","tag-blog-do-edvaldo-magalhaes","tag-blog-mais-acessado-e-visualizado-de-caruaru-e-regiao","tag-caruaru","tag-secretarias-de-educacao-e-saude-de-caruaru-ofertam-vagas-de-emprego"],"_links":{"self":[{"href":"https:\/\/blogdoedvaldomagalhaes.com.br\/index.php\/wp-json\/wp\/v2\/posts\/75002","targetHints":{"allow":["GET"]}}],"collection":[{"href":"https:\/\/blogdoedvaldomagalhaes.com.br\/index.php\/wp-json\/wp\/v2\/posts"}],"about":[{"href":"https:\/\/blogdoedvaldomagalhaes.com.br\/index.php\/wp-json\/wp\/v2\/types\/post"}],"author":[{"embeddable":true,"href":"https:\/\/blogdoedvaldomagalhaes.com.br\/index.php\/wp-json\/wp\/v2\/users\/1"}],"replies":[{"embeddable":true,"href":"https:\/\/blogdoedvaldomagalhaes.com.br\/index.php\/wp-json\/wp\/v2\/comments?post=75002"}],"version-history":[{"count":1,"href":"https:\/\/blogdoedvaldomagalhaes.com.br\/index.php\/wp-json\/wp\/v2\/posts\/75002\/revisions"}],"predecessor-version":[{"id":75004,"href":"https:\/\/blogdoedvaldomagalhaes.com.br\/index.php\/wp-json\/wp\/v2\/posts\/75002\/revisions\/75004"}],"wp:featuredmedia":[{"embeddable":true,"href":"https:\/\/blogdoedvaldomagalhaes.com.br\/index.php\/wp-json\/wp\/v2\/media\/75003"}],"wp:attachment":[{"href":"https:\/\/blogdoedvaldomagalhaes.com.br\/index.php\/wp-json\/wp\/v2\/media?parent=75002"}],"wp:term":[{"taxonomy":"category","embeddable":true,"href":"https:\/\/blogdoedvaldomagalhaes.com.br\/index.php\/wp-json\/wp\/v2\/categories?post=75002"},{"taxonomy":"post_tag","embeddable":true,"href":"https:\/\/blogdoedvaldomagalhaes.com.br\/index.php\/wp-json\/wp\/v2\/tags?post=75002"}],"curies":[{"name":"wp","href":"https:\/\/api.w.org\/{rel}","templated":true}]}}