{"id":74999,"date":"2021-09-20T18:57:16","date_gmt":"2021-09-20T21:57:16","guid":{"rendered":"https:\/\/blogdoedvaldomagalhaes.com.br\/?p=74999"},"modified":"2021-09-20T18:57:17","modified_gmt":"2021-09-20T21:57:17","slug":"dia-mundial-da-seguranca-do-paciente-e-celebrado-com-acao-no-hmv","status":"publish","type":"post","link":"https:\/\/blogdoedvaldomagalhaes.com.br\/index.php\/2021\/09\/20\/dia-mundial-da-seguranca-do-paciente-e-celebrado-com-acao-no-hmv\/","title":{"rendered":"Dia Mundial da Seguran\u00e7a do Paciente \u00e9 celebrado com a\u00e7\u00e3o no HMV"},"content":{"rendered":"<p style=\"text-align: justify;\"><span style=\"font-size: inherit;\">Na \u00faltima sexta-feira (17) \u00e9 celebrado o Dia Mundial da Seguran\u00e7a do Paciente, data criada pela Organiza\u00e7\u00e3o Mundial da Sa\u00fade (OMS) para alertar para a import\u00e2ncia da assist\u00eancia segura. Em alus\u00e3o ao dia, o N\u00facleo de Seguran\u00e7a do Paciente do Hospital Mestre Vitalino (HMV) realizou a\u00e7\u00f5es voltadas aos colaboradores da unidade e aos acompanhantes da pediatria.<\/span><\/p>\n<p style=\"text-align: justify;\">Este ano, o tema da campanha \u00e9 \u201cA aten\u00e7\u00e3o segura \u00e0 m\u00e3e e ao rec\u00e9m-nascido\u201d e o slogan chama a a\u00e7\u00e3o em favor da seguran\u00e7a no parto \u201cAja agora por um parto seguro e respeitoso!\u201d. O Brasil aderiu de forma entusi\u00e1stica \u00e0 iniciativa da OMS, e em todos os estados monumentos e pr\u00e9dios p\u00fablicos foram sinalizados com a cor laranja, referente a campanha.<\/p>\n<p style=\"text-align: justify;\">Desde 2015 o HMV implantou o N\u00facleo de Seguran\u00e7a do Paciente, e tem se destacado no interior por sua preocupa\u00e7\u00e3o com as boas pr\u00e1ticas das seis Metas Internacionais de Seguran\u00e7a do Paciente, estabelecidas pela Organiza\u00e7\u00e3o Mundial da Sa\u00fade (OMS) e preconizadas pela Joint Commission International (JCI).<\/p>\n","protected":false},"excerpt":{"rendered":"<p>Na \u00faltima sexta-feira (17) \u00e9 celebrado o Dia Mundial da Seguran\u00e7a do Paciente, data criada pela Organiza\u00e7\u00e3o Mundial da Sa\u00fade&hellip;<\/p>\n","protected":false},"author":1,"featured_media":75000,"comment_status":"open","ping_status":"open","sticky":false,"template":"","format":"standard","meta":{"footnotes":""},"categories":[14120],"tags":[2,19532,3406,22856],"class_list":["post-74999","post","type-post","status-publish","format-standard","has-post-thumbnail","hentry","category-noticias","tag-blog-do-edvaldo-magalhaes","tag-blog-mais-acessado-e-visualizado-de-caruaru-e-regiao","tag-caruaru","tag-dia-mundial-da-seguranca-do-paciente-e-celebrado-com-acao-no-hmv"],"_links":{"self":[{"href":"https:\/\/blogdoedvaldomagalhaes.com.br\/index.php\/wp-json\/wp\/v2\/posts\/74999","targetHints":{"allow":["GET"]}}],"collection":[{"href":"https:\/\/blogdoedvaldomagalhaes.com.br\/index.php\/wp-json\/wp\/v2\/posts"}],"about":[{"href":"https:\/\/blogdoedvaldomagalhaes.com.br\/index.php\/wp-json\/wp\/v2\/types\/post"}],"author":[{"embeddable":true,"href":"https:\/\/blogdoedvaldomagalhaes.com.br\/index.php\/wp-json\/wp\/v2\/users\/1"}],"replies":[{"embeddable":true,"href":"https:\/\/blogdoedvaldomagalhaes.com.br\/index.php\/wp-json\/wp\/v2\/comments?post=74999"}],"version-history":[{"count":1,"href":"https:\/\/blogdoedvaldomagalhaes.com.br\/index.php\/wp-json\/wp\/v2\/posts\/74999\/revisions"}],"predecessor-version":[{"id":75001,"href":"https:\/\/blogdoedvaldomagalhaes.com.br\/index.php\/wp-json\/wp\/v2\/posts\/74999\/revisions\/75001"}],"wp:featuredmedia":[{"embeddable":true,"href":"https:\/\/blogdoedvaldomagalhaes.com.br\/index.php\/wp-json\/wp\/v2\/media\/75000"}],"wp:attachment":[{"href":"https:\/\/blogdoedvaldomagalhaes.com.br\/index.php\/wp-json\/wp\/v2\/media?parent=74999"}],"wp:term":[{"taxonomy":"category","embeddable":true,"href":"https:\/\/blogdoedvaldomagalhaes.com.br\/index.php\/wp-json\/wp\/v2\/categories?post=74999"},{"taxonomy":"post_tag","embeddable":true,"href":"https:\/\/blogdoedvaldomagalhaes.com.br\/index.php\/wp-json\/wp\/v2\/tags?post=74999"}],"curies":[{"name":"wp","href":"https:\/\/api.w.org\/{rel}","templated":true}]}}