{"id":74993,"date":"2021-09-20T18:21:09","date_gmt":"2021-09-20T21:21:09","guid":{"rendered":"https:\/\/blogdoedvaldomagalhaes.com.br\/?p=74993"},"modified":"2021-09-20T18:25:35","modified_gmt":"2021-09-20T21:25:35","slug":"criancas-e-adolescentes-do-servico-de-convivencia-participam-de-aula-de-tenis","status":"publish","type":"post","link":"https:\/\/blogdoedvaldomagalhaes.com.br\/index.php\/2021\/09\/20\/criancas-e-adolescentes-do-servico-de-convivencia-participam-de-aula-de-tenis\/","title":{"rendered":"Crian\u00e7as e adolescentes do Servi\u00e7o de Conviv\u00eancia participam de aula de t\u00eanis"},"content":{"rendered":"<p style=\"text-align: justify;\"><span style=\"font-size: inherit;\">A Secretaria de Desenvolvimento Social e Direitos Humanos, em parceria com Science Beach T\u00eanis, iniciou, hoje (20), o Projeto Social Esportivo com o n\u00facleo de escolinha do Science Beach T\u00eanis.<\/span><\/p>\n<p style=\"text-align: justify;\">Inicialmente, 12 crian\u00e7as e adolescentes do Servi\u00e7o de Conviv\u00eancia est\u00e3o sendo atendidas pelo projeto. Elas foram divididas em duas turmas. As aulas est\u00e3o sendo realizadas na quadra de t\u00eanis, localizada no Polo Comercial de Caruaru, nas segundas e quartas-feiras, das 15h \u00e0s 16h.<\/p>\n<p style=\"text-align: justify;\">O Science Beach T\u00eanis disponibilizou o espa\u00e7o e equipamentos para a pr\u00e1tica esportiva e a Ger\u00eancia de Esporte e Lazer da SDSDH, os professores de Educa\u00e7\u00e3o F\u00edsica.<\/p>\n<p style=\"text-align: justify;\">&#8220;A ideia \u00e9 massificar e oportunizar a pr\u00e1tica esportiva para essas crian\u00e7as e adolescentes. E pretendemos, posteriormente, abrir mais vagas para novos grupos participantes\u201d, afirmou Allyson Flor\u00eancio, gerente de Esporte e Lazer.<\/p>\n\n\n<figure class=\"wp-block-image size-large\"><img loading=\"lazy\" decoding=\"async\" width=\"1024\" height=\"768\" src=\"https:\/\/blogdoedvaldomagalhaes.com.br\/wp-content\/uploads\/2021\/09\/IMG-20210920-WA0255-1024x768.jpg\" alt=\"\" class=\"wp-image-74996\" srcset=\"https:\/\/blogdoedvaldomagalhaes.com.br\/wp-content\/uploads\/2021\/09\/IMG-20210920-WA0255-1024x768.jpg 1024w, https:\/\/blogdoedvaldomagalhaes.com.br\/wp-content\/uploads\/2021\/09\/IMG-20210920-WA0255-300x225.jpg 300w, https:\/\/blogdoedvaldomagalhaes.com.br\/wp-content\/uploads\/2021\/09\/IMG-20210920-WA0255-768x576.jpg 768w, https:\/\/blogdoedvaldomagalhaes.com.br\/wp-content\/uploads\/2021\/09\/IMG-20210920-WA0255-1536x1152.jpg 1536w, https:\/\/blogdoedvaldomagalhaes.com.br\/wp-content\/uploads\/2021\/09\/IMG-20210920-WA0255-160x120.jpg 160w, https:\/\/blogdoedvaldomagalhaes.com.br\/wp-content\/uploads\/2021\/09\/IMG-20210920-WA0255.jpg 1600w\" sizes=\"auto, (max-width: 1024px) 100vw, 1024px\" \/><figcaption>Fotos: Divulga\u00e7\u00e3o<\/figcaption><\/figure>\n","protected":false},"excerpt":{"rendered":"<p>A Secretaria de Desenvolvimento Social e Direitos Humanos, em parceria com Science Beach T\u00eanis, iniciou, hoje (20), o Projeto Social&hellip;<\/p>\n","protected":false},"author":1,"featured_media":74994,"comment_status":"open","ping_status":"open","sticky":false,"template":"","format":"standard","meta":{"footnotes":""},"categories":[14120],"tags":[2,19532,3406,22855],"class_list":["post-74993","post","type-post","status-publish","format-standard","has-post-thumbnail","hentry","category-noticias","tag-blog-do-edvaldo-magalhaes","tag-blog-mais-acessado-e-visualizado-de-caruaru-e-regiao","tag-caruaru","tag-criancas-e-adolescentes-do-servico-de-convivencia-participam-de-aula-de-tenis"],"_links":{"self":[{"href":"https:\/\/blogdoedvaldomagalhaes.com.br\/index.php\/wp-json\/wp\/v2\/posts\/74993","targetHints":{"allow":["GET"]}}],"collection":[{"href":"https:\/\/blogdoedvaldomagalhaes.com.br\/index.php\/wp-json\/wp\/v2\/posts"}],"about":[{"href":"https:\/\/blogdoedvaldomagalhaes.com.br\/index.php\/wp-json\/wp\/v2\/types\/post"}],"author":[{"embeddable":true,"href":"https:\/\/blogdoedvaldomagalhaes.com.br\/index.php\/wp-json\/wp\/v2\/users\/1"}],"replies":[{"embeddable":true,"href":"https:\/\/blogdoedvaldomagalhaes.com.br\/index.php\/wp-json\/wp\/v2\/comments?post=74993"}],"version-history":[{"count":2,"href":"https:\/\/blogdoedvaldomagalhaes.com.br\/index.php\/wp-json\/wp\/v2\/posts\/74993\/revisions"}],"predecessor-version":[{"id":74998,"href":"https:\/\/blogdoedvaldomagalhaes.com.br\/index.php\/wp-json\/wp\/v2\/posts\/74993\/revisions\/74998"}],"wp:featuredmedia":[{"embeddable":true,"href":"https:\/\/blogdoedvaldomagalhaes.com.br\/index.php\/wp-json\/wp\/v2\/media\/74994"}],"wp:attachment":[{"href":"https:\/\/blogdoedvaldomagalhaes.com.br\/index.php\/wp-json\/wp\/v2\/media?parent=74993"}],"wp:term":[{"taxonomy":"category","embeddable":true,"href":"https:\/\/blogdoedvaldomagalhaes.com.br\/index.php\/wp-json\/wp\/v2\/categories?post=74993"},{"taxonomy":"post_tag","embeddable":true,"href":"https:\/\/blogdoedvaldomagalhaes.com.br\/index.php\/wp-json\/wp\/v2\/tags?post=74993"}],"curies":[{"name":"wp","href":"https:\/\/api.w.org\/{rel}","templated":true}]}}