{"id":74983,"date":"2021-09-20T14:12:58","date_gmt":"2021-09-20T17:12:58","guid":{"rendered":"https:\/\/blogdoedvaldomagalhaes.com.br\/?p=74983"},"modified":"2021-09-20T14:13:29","modified_gmt":"2021-09-20T17:13:29","slug":"atletas-caruaruenses-sao-medalhistas-no-campeonato-brasileiro-de-karate-e-garantem-vaga-para-a-selecao-estadual-em-2022","status":"publish","type":"post","link":"https:\/\/blogdoedvaldomagalhaes.com.br\/index.php\/2021\/09\/20\/atletas-caruaruenses-sao-medalhistas-no-campeonato-brasileiro-de-karate-e-garantem-vaga-para-a-selecao-estadual-em-2022\/","title":{"rendered":"Atletas caruaruenses s\u00e3o medalhistas no Campeonato Brasileiro de Karat\u00ea e garantem vaga para a sele\u00e7\u00e3o estadual em 2022"},"content":{"rendered":"<p style=\"text-align: justify;\"><span style=\"font-size: inherit;\">Atletas de Karat\u00ea, Maria Gabriela Cristina Pereira Mousinho, Camilla Mirely Medeiros da Silva e Jenniffer Ially de Santana Lopes, conquistaram medalhas de prata e bronze, em suas respectivas categorias, no Campeonato Brasileiro de Karat\u00ea. O evento aconteceu entre os dias 8 e 13 de setembro, no Centro de Treinamento da Confedera\u00e7\u00e3o Brasileira de Karat\u00ea, em Caucaia, no Cear\u00e1.<\/span><\/p>\n<p style=\"text-align: justify;\">As caruaruenses competiram com mais de 552 atletas de v\u00e1rios estados brasileiros. Maria Gabriela conquistou a medalha de prata, na categoria at\u00e9 68 kg, no kumite; Camilla Mirely garantiu a prata, na categoria por equipe s\u00eanior, e Jenniffer Ially, a medalha de bronze, na categoria s\u00eanior kata.<\/p>\n<p style=\"text-align: justify;\">Com esse resultado, as atletas caruaruenses garantiram a vaga para a sele\u00e7\u00e3o estadual em 2022 e a presen\u00e7a na 1\u00aa etapa do nacional de 2022. Milena Stefani Ferreira da Silva tamb\u00e9m participou da competi\u00e7\u00e3o, mas n\u00e3o obteve classifica\u00e7\u00e3o.<\/p>\n<p style=\"text-align: justify;\">As atletas tiveram o apoio da Prefeitura de Caruaru, por meio da Secretaria de Desenvolvimento Social e Direitos Humanos (SDSDH), atrav\u00e9s do Programa Bolsa Atleta Municipal.<\/p>\n<p style=\"text-align: justify;\">\u201cEsse evento foi muito esperado. H\u00e1 mais de um ano que os atletas das categorias sub 21 e s\u00eanior estavam sem competir por conta da paralisa\u00e7\u00e3o dos eventos esportivos devido \u00e0 Covid-19. O campeonato foi muito positivo para a delega\u00e7\u00e3o pernambucana, que conseguiu o t\u00edtulo in\u00e9dito de campe\u00e3o geral do evento, desbancando grandes pot\u00eancias do karat\u00ea nacional, como S\u00e3o Paulo, Santa Catarina, Bahia e Rio de Janeiro. Entre a delega\u00e7\u00e3o estadual, estavam presentes seis integrantes caruaruenses que contribu\u00edram para o resultado expressivo\u201d, afirmou o gerente de Esporte e Lazer da SDSDH, Allyson Flor\u00eancio.<\/p>\n<p style=\"text-align: justify;\">A equipe se prepara agora para as pr\u00f3ximas competi\u00e7\u00f5es e amistosos em busca de melhorar ainda mais os seus rendimentos esportivos.<\/p>\n\n\n<figure class=\"wp-block-image size-large\"><img loading=\"lazy\" decoding=\"async\" width=\"566\" height=\"298\" src=\"https:\/\/blogdoedvaldomagalhaes.com.br\/wp-content\/uploads\/2021\/09\/IMG-20210920-WA0178.jpg\" alt=\"\" class=\"wp-image-74985\" srcset=\"https:\/\/blogdoedvaldomagalhaes.com.br\/wp-content\/uploads\/2021\/09\/IMG-20210920-WA0178.jpg 566w, https:\/\/blogdoedvaldomagalhaes.com.br\/wp-content\/uploads\/2021\/09\/IMG-20210920-WA0178-300x158.jpg 300w\" sizes=\"auto, (max-width: 566px) 100vw, 566px\" \/><figcaption>Fotos: Divulga\u00e7\u00e3o<\/figcaption><\/figure>\n","protected":false},"excerpt":{"rendered":"<p>Atletas de Karat\u00ea, Maria Gabriela Cristina Pereira Mousinho, Camilla Mirely Medeiros da Silva e Jenniffer Ially de Santana Lopes, conquistaram&hellip;<\/p>\n","protected":false},"author":1,"featured_media":74984,"comment_status":"open","ping_status":"open","sticky":false,"template":"","format":"standard","meta":{"footnotes":""},"categories":[14120],"tags":[22853,2,19532,3406],"class_list":["post-74983","post","type-post","status-publish","format-standard","has-post-thumbnail","hentry","category-noticias","tag-atletas-caruaruenses-sao-medalhistas-no-campeonato-brasileiro-de-karate-e-garantem-vaga-para-a-selecao-estadual-em-2022","tag-blog-do-edvaldo-magalhaes","tag-blog-mais-acessado-e-visualizado-de-caruaru-e-regiao","tag-caruaru"],"_links":{"self":[{"href":"https:\/\/blogdoedvaldomagalhaes.com.br\/index.php\/wp-json\/wp\/v2\/posts\/74983","targetHints":{"allow":["GET"]}}],"collection":[{"href":"https:\/\/blogdoedvaldomagalhaes.com.br\/index.php\/wp-json\/wp\/v2\/posts"}],"about":[{"href":"https:\/\/blogdoedvaldomagalhaes.com.br\/index.php\/wp-json\/wp\/v2\/types\/post"}],"author":[{"embeddable":true,"href":"https:\/\/blogdoedvaldomagalhaes.com.br\/index.php\/wp-json\/wp\/v2\/users\/1"}],"replies":[{"embeddable":true,"href":"https:\/\/blogdoedvaldomagalhaes.com.br\/index.php\/wp-json\/wp\/v2\/comments?post=74983"}],"version-history":[{"count":2,"href":"https:\/\/blogdoedvaldomagalhaes.com.br\/index.php\/wp-json\/wp\/v2\/posts\/74983\/revisions"}],"predecessor-version":[{"id":74987,"href":"https:\/\/blogdoedvaldomagalhaes.com.br\/index.php\/wp-json\/wp\/v2\/posts\/74983\/revisions\/74987"}],"wp:featuredmedia":[{"embeddable":true,"href":"https:\/\/blogdoedvaldomagalhaes.com.br\/index.php\/wp-json\/wp\/v2\/media\/74984"}],"wp:attachment":[{"href":"https:\/\/blogdoedvaldomagalhaes.com.br\/index.php\/wp-json\/wp\/v2\/media?parent=74983"}],"wp:term":[{"taxonomy":"category","embeddable":true,"href":"https:\/\/blogdoedvaldomagalhaes.com.br\/index.php\/wp-json\/wp\/v2\/categories?post=74983"},{"taxonomy":"post_tag","embeddable":true,"href":"https:\/\/blogdoedvaldomagalhaes.com.br\/index.php\/wp-json\/wp\/v2\/tags?post=74983"}],"curies":[{"name":"wp","href":"https:\/\/api.w.org\/{rel}","templated":true}]}}