{"id":74979,"date":"2021-09-20T13:49:21","date_gmt":"2021-09-20T16:49:21","guid":{"rendered":"https:\/\/blogdoedvaldomagalhaes.com.br\/?p=74979"},"modified":"2021-09-20T13:53:33","modified_gmt":"2021-09-20T16:53:33","slug":"saude-alerta-para-subnotificacao-de-tentativas-e-obitos-por-suicidio","status":"publish","type":"post","link":"https:\/\/blogdoedvaldomagalhaes.com.br\/index.php\/2021\/09\/20\/saude-alerta-para-subnotificacao-de-tentativas-e-obitos-por-suicidio\/","title":{"rendered":"Sa\u00fade alerta para subnotifica\u00e7\u00e3o de tentativas e \u00f3bitos por suic\u00eddio"},"content":{"rendered":"<p style=\"text-align: justify;\">O Setembro pode ser amarelo, mas os cuidados em sa\u00fade mental devem acontecer o ano inteiro. Esta \u00e9 mensagem que a Secretaria Estadual de Sa\u00fade (SES-PE) refor\u00e7a ao longo deste m\u00eas de conscientiza\u00e7\u00e3o sobre o suic\u00eddio. Em 2020, Pernambuco registrou 372 \u00f3bitos por suic\u00eddio, n\u00famero 20% menor do que o computado no ano de 2019, quando o Estado notificou 467 mortes por esta causa. Em rela\u00e7\u00e3o a tentativas de suic\u00eddio, foram 2.550 no ano de 2020 e 2.956 no ano retrasado. Apesar da queda nos registros, a SES alerta para a subnotifica\u00e7\u00e3o de casos em decorr\u00eancia da pandemia da Covid-19.<\/p>\n<p style=\"text-align: justify;\">\u201cA redu\u00e7\u00e3o dos n\u00fameros com certeza n\u00e3o reflete uma diminui\u00e7\u00e3o nas tentativas e nos \u00f3bitos por suic\u00eddio. Sabemos que h\u00e1 subnotifica\u00e7\u00e3o dos casos por, ao menos, tr\u00eas motivos. Primeiro devido \u00e0 pandemia da Covid-19, pois muitas viol\u00eancias auto e heteroprovocadas foram subnotificadas. As pessoas n\u00e3o buscaram os servi\u00e7os. Houve, ainda, uma falha no sistema do Minist\u00e9rio da Sa\u00fade que impossibilitou o registro dos casos por parte dos profissionais no primeiro semestre de 2020. Terceiro, o isolamento social causado pela pandemia aumentou o uso de subst\u00e2ncias psicotr\u00f3picas, o que leva a mais viol\u00eancias auto e heteroprovocadas\u201d, alerta o psiquiatra Gustavo Arribas, consultor t\u00e9cnico da Ger\u00eancia de Aten\u00e7\u00e3o \u00e0 Sa\u00fade Mental da SES.<\/p>\n<p style=\"text-align: justify;\">Para marcar a data, a Secretaria promove, na pr\u00f3xima ter\u00e7a-feira (21\/09), \u00e0s 14h, a webpalestra\u00a0<i>\u201cPreven\u00e7\u00e3o \u00e0s viol\u00eancias auto e heteroprovocadas: uma a\u00e7\u00e3o di\u00e1ria e de todos n\u00f3s\u201d<\/i>, transmitida no\u00a0<a href=\"https:\/\/www.youtube.com\/c\/telessaudesespe\" target=\"_blank\" rel=\"noopener noreferrer\" data-saferedirecturl=\"https:\/\/www.google.com\/url?q=https:\/\/www.youtube.com\/c\/telessaudesespe&amp;source=gmail&amp;ust=1632223114114000&amp;usg=AFQjCNHZe2R8Ic19CUwSeEiY4bi1oHumuQ\">canal do Youtube do N\u00facleo de Telessa\u00fade da Secretaria Estadual de Sa\u00fade<\/a>. O debate, realizado pela Ger\u00eancia de Aten\u00e7\u00e3o \u00e0 Sa\u00fade Mental da SES, ser\u00e1 aberto ao p\u00fablico, mas voltado principalmente aos profissionais de sa\u00fade envolvidos no processo de notifica\u00e7\u00e3o desses agravos. \u201cDificilmente as pessoas que est\u00e3o sofrendo buscam os servi\u00e7os de sa\u00fade. Por isso, precisamos debater com toda a comunidade sobre a import\u00e2ncia de notificar um problema t\u00e3o s\u00e9rio como a viol\u00eancia auto e heteroprovocada. Elas devem saber onde pedir ajuda e precisam entender como acolher quem precisa. O primeiro passo \u00e9 acolh\u00ea-la onde ela estiver, escutando sem julgamento ou cr\u00edticas. Depois, \u00e9 preciso buscar saber onde h\u00e1 tratamento. Vale refor\u00e7ar que o tratamento \u00e9 multiprofissional e intersetorial, passando por v\u00e1rios equipamentos, como Sa\u00fade, Assist\u00eancia Social, Educa\u00e7\u00e3o, Esportes, Lazer e Cultura\u201d, pontua Arribas.<\/p>\n<p style=\"text-align: justify;\">Para alertar a sociedade em geral sobre o tema, a SES-PE aproveita a relev\u00e2ncia das redes sociais para divulgar, principalmente entre os mais jovens, informa\u00e7\u00f5es sobre sa\u00fade mental e preven\u00e7\u00e3o ao suic\u00eddio. A Secretaria lan\u00e7a, nesta segunda-feira (20\/09), campanha com s\u00e9rie de v\u00eddeos com os especialistas da pasta. Fatores de risco e preven\u00e7\u00e3o, onde procurar ajuda e comorbidades associadas ao suic\u00eddio s\u00e3o alguns dos temas abordados. O objetivo \u00e9 desmistificar o assunto e aproximar a popula\u00e7\u00e3o dos cuidados em sa\u00fade mental.<\/p>\n<p style=\"text-align: justify;\">\u201cA sociedade n\u00e3o fala sobre o assunto. Mas \u00e9 preciso entender que a preven\u00e7\u00e3o ao suic\u00eddio \u00e9 uma a\u00e7\u00e3o di\u00e1ria de todos n\u00f3s. O suic\u00eddio \u00a0\u00e9 uma morte social, que leva a uma morte emocional que leva a uma morte biol\u00f3gica. Para evitar essa morte social, devemos incentivar as pessoas a falarem sobre suic\u00eddio, ensina-las a acolherem quem tenta suic\u00eddio e tamb\u00e9m estimular toda a rede de cuidados intersetoriais a notificarem a tentativa de suic\u00eddio. Se a gente n\u00e3o encarar que o combate \u00e9 uma a\u00e7\u00e3o intersetorial, social e di\u00e1ria, n\u00e3o conseguiremos vencer essa guerra\u201d, finaliza o psiquiatra.<\/p>\n<p style=\"text-align: justify;\"><b>A REDE &#8211;<\/b>\u00a0O Estado de Pernambuco possui uma Rede de Aten\u00e7\u00e3o Psicossocial (Raps) com equipamentos especializados no cuidado da pessoa com sofrimento. Entre os servi\u00e7os da Raps, est\u00e3o os Centros de Aten\u00e7\u00e3o Psicossocial (Caps), unidades de gest\u00e3o municipal com porta aberta voltados para o acolhimento de pacientes diagnosticados com algum transtorno neuropsiqui\u00e1trico. Atualmente, Pernambuco conta com 132 CAPs habilitados para atendimento \u00e0 popula\u00e7\u00e3o.<\/p>\n<p style=\"text-align: justify;\">Foto: Pixabay<\/p>\n","protected":false},"excerpt":{"rendered":"<p>O Setembro pode ser amarelo, mas os cuidados em sa\u00fade mental devem acontecer o ano inteiro. Esta \u00e9 mensagem que&hellip;<\/p>\n","protected":false},"author":1,"featured_media":74980,"comment_status":"open","ping_status":"open","sticky":false,"template":"","format":"standard","meta":{"footnotes":""},"categories":[14120],"tags":[2,19532,3406,22852],"class_list":["post-74979","post","type-post","status-publish","format-standard","has-post-thumbnail","hentry","category-noticias","tag-blog-do-edvaldo-magalhaes","tag-blog-mais-acessado-e-visualizado-de-caruaru-e-regiao","tag-caruaru","tag-saude-alerta-para-subnotificacao-de-tentativas-e-obitos-por-suicidio"],"_links":{"self":[{"href":"https:\/\/blogdoedvaldomagalhaes.com.br\/index.php\/wp-json\/wp\/v2\/posts\/74979","targetHints":{"allow":["GET"]}}],"collection":[{"href":"https:\/\/blogdoedvaldomagalhaes.com.br\/index.php\/wp-json\/wp\/v2\/posts"}],"about":[{"href":"https:\/\/blogdoedvaldomagalhaes.com.br\/index.php\/wp-json\/wp\/v2\/types\/post"}],"author":[{"embeddable":true,"href":"https:\/\/blogdoedvaldomagalhaes.com.br\/index.php\/wp-json\/wp\/v2\/users\/1"}],"replies":[{"embeddable":true,"href":"https:\/\/blogdoedvaldomagalhaes.com.br\/index.php\/wp-json\/wp\/v2\/comments?post=74979"}],"version-history":[{"count":2,"href":"https:\/\/blogdoedvaldomagalhaes.com.br\/index.php\/wp-json\/wp\/v2\/posts\/74979\/revisions"}],"predecessor-version":[{"id":74982,"href":"https:\/\/blogdoedvaldomagalhaes.com.br\/index.php\/wp-json\/wp\/v2\/posts\/74979\/revisions\/74982"}],"wp:featuredmedia":[{"embeddable":true,"href":"https:\/\/blogdoedvaldomagalhaes.com.br\/index.php\/wp-json\/wp\/v2\/media\/74980"}],"wp:attachment":[{"href":"https:\/\/blogdoedvaldomagalhaes.com.br\/index.php\/wp-json\/wp\/v2\/media?parent=74979"}],"wp:term":[{"taxonomy":"category","embeddable":true,"href":"https:\/\/blogdoedvaldomagalhaes.com.br\/index.php\/wp-json\/wp\/v2\/categories?post=74979"},{"taxonomy":"post_tag","embeddable":true,"href":"https:\/\/blogdoedvaldomagalhaes.com.br\/index.php\/wp-json\/wp\/v2\/tags?post=74979"}],"curies":[{"name":"wp","href":"https:\/\/api.w.org\/{rel}","templated":true}]}}