{"id":74974,"date":"2021-09-20T12:38:36","date_gmt":"2021-09-20T15:38:36","guid":{"rendered":"https:\/\/blogdoedvaldomagalhaes.com.br\/?p=74974"},"modified":"2021-09-20T12:53:22","modified_gmt":"2021-09-20T15:53:22","slug":"aberta-a-votacao-popular-para-o-ii-registro-do-patrimonio-vivo-de-caruaru-com-29-candidatos","status":"publish","type":"post","link":"https:\/\/blogdoedvaldomagalhaes.com.br\/index.php\/2021\/09\/20\/aberta-a-votacao-popular-para-o-ii-registro-do-patrimonio-vivo-de-caruaru-com-29-candidatos\/","title":{"rendered":"Aberta a vota\u00e7\u00e3o popular para o II Registro do Patrim\u00f4nio Vivo de Caruaru com 29 candidatos"},"content":{"rendered":"<p style=\"text-align: justify;\"><span style=\"font-size: inherit;\">A Funda\u00e7\u00e3o de Cultura, abre, nesta segunda-feira (20), a vota\u00e7\u00e3o popular para a escolha de um dos integrantes do II Registro do Patrim\u00f4nio Vivo do munic\u00edpio. S\u00e3o 29 habilitados pelo edital ap\u00f3s a an\u00e1lise do m\u00e9rito art\u00edstico e cultural e apenas um ser\u00e1 escolhido pela popula\u00e7\u00e3o.<\/span><\/p>\n<p style=\"text-align: justify;\">Cada pessoa pode votar apenas uma vez em um dos candidatos, atrav\u00e9s do site http:\/\/patrimoniovivo.caruaru.pe.gov.br\/. O prazo para a vota\u00e7\u00e3o acaba no dia 26 de setembro, pr\u00f3ximo domingo. Tamb\u00e9m durante esta semana, os candidatos tamb\u00e9m far\u00e3o uma defesa oral e ser\u00e3o avaliados por uma Comiss\u00e3o Especial de An\u00e1lise constitu\u00edda por quatro membros de Caruaru, sendo dois representantes da Funda\u00e7\u00e3o de Cultura e dois do Conselho Municipal de Pol\u00edtica Cultural (CMPC). Ao todo, este edital selecionar\u00e1 cinco integrantes do Registro do Patrim\u00f4nio Vivo. O resultado final &#8211; da vota\u00e7\u00e3o popular e com os escolhidos pela comiss\u00e3o &#8211; est\u00e1 previsto para o dia 5 de outubro.<\/p>\n<p style=\"text-align: justify;\">O Registro do Patrim\u00f4nio Vivo de Caruaru (RPV) tem objetivo de oferecer apoio financeiro e tamb\u00e9m de preserva\u00e7\u00e3o, por incentivo do Governo Municipal, para os processos de cria\u00e7\u00e3o e divulga\u00e7\u00e3o de t\u00e9cnicas; modos de fazer e saberes das culturas tradicionais ou populares; mediante atividades, a\u00e7\u00f5es e projetos desenvolvidos por pessoas f\u00edsicas ou jur\u00eddicas de natureza cultura; sem fins lucrativos, residentes ou domiciliados e com atua\u00e7\u00e3o no munic\u00edpio h\u00e1 mais de 20 anos, contados da data do pedido de inscri\u00e7\u00e3o.<\/p>\n<p>Confira a lista dos habilitados:<\/p>\n<p>Alberto\u00a0 Zarfan<\/p>\n<p>Armando Fot\u00f3grafo<\/p>\n<p>Banda de Pifanos Z\u00e9 do Estado<\/p>\n<p>Boi Teimoso<\/p>\n<p>Mestre Cicero<\/p>\n<p>Mininho<\/p>\n<p>Elias Vitalino<\/p>\n<p>Gilvan Neves<\/p>\n<p>Glauber F\u00e1bio<\/p>\n<p>Ivanilda Boi Mimoso<\/p>\n<p>Ivete Cairo<\/p>\n<p>Vav\u00e1 do Pife<\/p>\n<p>Jo\u00e3o Batista<\/p>\n<p>Walmir Silva<\/p>\n<p>Augusto Eventos<\/p>\n<p>Zezinho Trio Bandeirante<\/p>\n<p>Humberto Bonny<\/p>\n<p>Zui Sanfoneiro<\/p>\n<p>J\u00f4 Albuquerque<\/p>\n<p>Leonora Moreno<\/p>\n<p>Mestre Luiz Galdino<\/p>\n<p>Lusineide Galdino<\/p>\n<p>Socorro Rodrigues<\/p>\n<p>Maria do Bolo<\/p>\n<p>Greta<\/p>\n<p>Joana Ang\u00e9lica<\/p>\n<p>Lamartine Duarte<\/p>\n<p>TEA<\/p>\n<p>Terezinha Gonzaga<\/p>\n<p>Foto: SEIC\/Divulga\u00e7\u00e3o.<\/p>\n","protected":false},"excerpt":{"rendered":"<p>A Funda\u00e7\u00e3o de Cultura, abre, nesta segunda-feira (20), a vota\u00e7\u00e3o popular para a escolha de um dos integrantes do II&hellip;<\/p>\n","protected":false},"author":1,"featured_media":74975,"comment_status":"open","ping_status":"open","sticky":false,"template":"","format":"standard","meta":{"footnotes":""},"categories":[14122],"tags":[22851,2,19532,3406],"class_list":["post-74974","post","type-post","status-publish","format-standard","has-post-thumbnail","hentry","category-politica","tag-aberta-a-votacao-popular-para-o-ii-registro-do-patrimonio-vivo-de-caruaru-com-29-candidatos","tag-blog-do-edvaldo-magalhaes","tag-blog-mais-acessado-e-visualizado-de-caruaru-e-regiao","tag-caruaru"],"_links":{"self":[{"href":"https:\/\/blogdoedvaldomagalhaes.com.br\/index.php\/wp-json\/wp\/v2\/posts\/74974","targetHints":{"allow":["GET"]}}],"collection":[{"href":"https:\/\/blogdoedvaldomagalhaes.com.br\/index.php\/wp-json\/wp\/v2\/posts"}],"about":[{"href":"https:\/\/blogdoedvaldomagalhaes.com.br\/index.php\/wp-json\/wp\/v2\/types\/post"}],"author":[{"embeddable":true,"href":"https:\/\/blogdoedvaldomagalhaes.com.br\/index.php\/wp-json\/wp\/v2\/users\/1"}],"replies":[{"embeddable":true,"href":"https:\/\/blogdoedvaldomagalhaes.com.br\/index.php\/wp-json\/wp\/v2\/comments?post=74974"}],"version-history":[{"count":3,"href":"https:\/\/blogdoedvaldomagalhaes.com.br\/index.php\/wp-json\/wp\/v2\/posts\/74974\/revisions"}],"predecessor-version":[{"id":74978,"href":"https:\/\/blogdoedvaldomagalhaes.com.br\/index.php\/wp-json\/wp\/v2\/posts\/74974\/revisions\/74978"}],"wp:featuredmedia":[{"embeddable":true,"href":"https:\/\/blogdoedvaldomagalhaes.com.br\/index.php\/wp-json\/wp\/v2\/media\/74975"}],"wp:attachment":[{"href":"https:\/\/blogdoedvaldomagalhaes.com.br\/index.php\/wp-json\/wp\/v2\/media?parent=74974"}],"wp:term":[{"taxonomy":"category","embeddable":true,"href":"https:\/\/blogdoedvaldomagalhaes.com.br\/index.php\/wp-json\/wp\/v2\/categories?post=74974"},{"taxonomy":"post_tag","embeddable":true,"href":"https:\/\/blogdoedvaldomagalhaes.com.br\/index.php\/wp-json\/wp\/v2\/tags?post=74974"}],"curies":[{"name":"wp","href":"https:\/\/api.w.org\/{rel}","templated":true}]}}