{"id":74963,"date":"2021-09-20T09:09:54","date_gmt":"2021-09-20T12:09:54","guid":{"rendered":"https:\/\/blogdoedvaldomagalhaes.com.br\/?p=74963"},"modified":"2021-09-20T12:13:39","modified_gmt":"2021-09-20T15:13:39","slug":"motorista-morre-e-gravida-fica-ferida-em-acidente-na-br-232","status":"publish","type":"post","link":"https:\/\/blogdoedvaldomagalhaes.com.br\/index.php\/2021\/09\/20\/motorista-morre-e-gravida-fica-ferida-em-acidente-na-br-232\/","title":{"rendered":"Motorista morre e gr\u00e1vida fica ferida em acidente na BR 232"},"content":{"rendered":"<p style=\"text-align: justify;\">O acidente ocorreu por volta das 3h da madrugada, nesta segunda-feira (20), no Km 63 da BR 232, em Pombos, na descida da Serra das Russas, no sentido Recife.<\/p>\n<p style=\"text-align: justify;\">O motorista de um caminh\u00e3o que transportava melancia perdeu o controle do ve\u00edculo e colidiu no pared\u00e3o de rochas. E<span style=\"font-size: inherit;\">le faleceu no local.<\/span><\/p>\n<p style=\"text-align: justify;\">A passageira ficou ferida e foi encaminhada pelo SAMU para o Hospital da Restaura\u00e7\u00e3o. A equipe recebeu a informa\u00e7\u00e3o de que ela est\u00e1 gr\u00e1vida de seis meses.<\/p>\n<p style=\"text-align: justify;\">O caminh\u00e3o continua no local e a pista est\u00e1 parcialmente interditada. Os ve\u00edculos est\u00e3o passando pela faixa da esquerda.<\/p>\n<p style=\"text-align: justify;\">Al\u00e9m da PRF, o IC, IML e Corpo de Bombeiros estiveram no local. A Pol\u00edcia Civil vai investigar o caso.<\/p>\n\n\n<figure class=\"wp-block-image size-large\"><img loading=\"lazy\" decoding=\"async\" width=\"1024\" height=\"576\" src=\"https:\/\/blogdoedvaldomagalhaes.com.br\/wp-content\/uploads\/2021\/09\/IMG-20210920-WA0040-1024x576.jpg\" alt=\"\" class=\"wp-image-74967\" srcset=\"https:\/\/blogdoedvaldomagalhaes.com.br\/wp-content\/uploads\/2021\/09\/IMG-20210920-WA0040-1024x576.jpg 1024w, https:\/\/blogdoedvaldomagalhaes.com.br\/wp-content\/uploads\/2021\/09\/IMG-20210920-WA0040-300x169.jpg 300w, https:\/\/blogdoedvaldomagalhaes.com.br\/wp-content\/uploads\/2021\/09\/IMG-20210920-WA0040-768x432.jpg 768w, https:\/\/blogdoedvaldomagalhaes.com.br\/wp-content\/uploads\/2021\/09\/IMG-20210920-WA0040-1140x641.jpg 1140w, https:\/\/blogdoedvaldomagalhaes.com.br\/wp-content\/uploads\/2021\/09\/IMG-20210920-WA0040-720x405.jpg 720w, https:\/\/blogdoedvaldomagalhaes.com.br\/wp-content\/uploads\/2021\/09\/IMG-20210920-WA0040.jpg 1280w\" sizes=\"auto, (max-width: 1024px) 100vw, 1024px\" \/><figcaption>Fotos: PRF\/Divulga\u00e7\u00e3o<\/figcaption><\/figure>\n\n\n\n<figure class=\"wp-block-image size-large\"><img loading=\"lazy\" decoding=\"async\" width=\"1024\" height=\"576\" src=\"https:\/\/blogdoedvaldomagalhaes.com.br\/wp-content\/uploads\/2021\/09\/IMG-20210920-WA0039-1024x576.jpg\" alt=\"\" class=\"wp-image-74968\" srcset=\"https:\/\/blogdoedvaldomagalhaes.com.br\/wp-content\/uploads\/2021\/09\/IMG-20210920-WA0039-1024x576.jpg 1024w, https:\/\/blogdoedvaldomagalhaes.com.br\/wp-content\/uploads\/2021\/09\/IMG-20210920-WA0039-300x169.jpg 300w, https:\/\/blogdoedvaldomagalhaes.com.br\/wp-content\/uploads\/2021\/09\/IMG-20210920-WA0039-768x432.jpg 768w, https:\/\/blogdoedvaldomagalhaes.com.br\/wp-content\/uploads\/2021\/09\/IMG-20210920-WA0039-1140x641.jpg 1140w, https:\/\/blogdoedvaldomagalhaes.com.br\/wp-content\/uploads\/2021\/09\/IMG-20210920-WA0039-720x405.jpg 720w, https:\/\/blogdoedvaldomagalhaes.com.br\/wp-content\/uploads\/2021\/09\/IMG-20210920-WA0039.jpg 1280w\" sizes=\"auto, (max-width: 1024px) 100vw, 1024px\" \/><\/figure>\n\n\n<p style=\"text-align: justify;\">Outro acidente de tr\u00e2nsito foi registrado pela Pol\u00edcia Rodovi\u00e1ria Federal &#8211; PRF, 50 metros ap\u00f3s o primeiro acidente, na BR 232, em Pombos, na manh\u00e3 desta segunda-feira (20). Um caminh\u00e3o carregado de cebolas, colidiu no pared\u00e3o. Ningu\u00e9m ficou ferido. A carga foi transportada para outro caminh\u00e3o.<\/p>\n\n\n<figure class=\"wp-block-image size-large\"><img loading=\"lazy\" decoding=\"async\" width=\"1024\" height=\"576\" src=\"https:\/\/blogdoedvaldomagalhaes.com.br\/wp-content\/uploads\/2021\/09\/IMG-20210920-WA0078-1024x576.jpg\" alt=\"\" class=\"wp-image-74971\" srcset=\"https:\/\/blogdoedvaldomagalhaes.com.br\/wp-content\/uploads\/2021\/09\/IMG-20210920-WA0078-1024x576.jpg 1024w, https:\/\/blogdoedvaldomagalhaes.com.br\/wp-content\/uploads\/2021\/09\/IMG-20210920-WA0078-300x169.jpg 300w, https:\/\/blogdoedvaldomagalhaes.com.br\/wp-content\/uploads\/2021\/09\/IMG-20210920-WA0078-768x432.jpg 768w, https:\/\/blogdoedvaldomagalhaes.com.br\/wp-content\/uploads\/2021\/09\/IMG-20210920-WA0078-1536x864.jpg 1536w, https:\/\/blogdoedvaldomagalhaes.com.br\/wp-content\/uploads\/2021\/09\/IMG-20210920-WA0078-1140x641.jpg 1140w, https:\/\/blogdoedvaldomagalhaes.com.br\/wp-content\/uploads\/2021\/09\/IMG-20210920-WA0078-720x405.jpg 720w, https:\/\/blogdoedvaldomagalhaes.com.br\/wp-content\/uploads\/2021\/09\/IMG-20210920-WA0078.jpg 1600w\" sizes=\"auto, (max-width: 1024px) 100vw, 1024px\" \/><figcaption>Foto: PRF\/Divulga\u00e7\u00e3o<\/figcaption><\/figure>\n","protected":false},"excerpt":{"rendered":"<p>O acidente ocorreu por volta das 3h da madrugada, nesta segunda-feira (20), no Km 63 da BR 232, em Pombos,&hellip;<\/p>\n","protected":false},"author":1,"featured_media":74964,"comment_status":"open","ping_status":"open","sticky":false,"template":"","format":"standard","meta":{"footnotes":""},"categories":[14120],"tags":[2,19532,3406,22849],"class_list":["post-74963","post","type-post","status-publish","format-standard","has-post-thumbnail","hentry","category-noticias","tag-blog-do-edvaldo-magalhaes","tag-blog-mais-acessado-e-visualizado-de-caruaru-e-regiao","tag-caruaru","tag-motorista-morre-e-gravida-fica-ferida-em-acidente-na-br-232"],"_links":{"self":[{"href":"https:\/\/blogdoedvaldomagalhaes.com.br\/index.php\/wp-json\/wp\/v2\/posts\/74963","targetHints":{"allow":["GET"]}}],"collection":[{"href":"https:\/\/blogdoedvaldomagalhaes.com.br\/index.php\/wp-json\/wp\/v2\/posts"}],"about":[{"href":"https:\/\/blogdoedvaldomagalhaes.com.br\/index.php\/wp-json\/wp\/v2\/types\/post"}],"author":[{"embeddable":true,"href":"https:\/\/blogdoedvaldomagalhaes.com.br\/index.php\/wp-json\/wp\/v2\/users\/1"}],"replies":[{"embeddable":true,"href":"https:\/\/blogdoedvaldomagalhaes.com.br\/index.php\/wp-json\/wp\/v2\/comments?post=74963"}],"version-history":[{"count":4,"href":"https:\/\/blogdoedvaldomagalhaes.com.br\/index.php\/wp-json\/wp\/v2\/posts\/74963\/revisions"}],"predecessor-version":[{"id":74973,"href":"https:\/\/blogdoedvaldomagalhaes.com.br\/index.php\/wp-json\/wp\/v2\/posts\/74963\/revisions\/74973"}],"wp:featuredmedia":[{"embeddable":true,"href":"https:\/\/blogdoedvaldomagalhaes.com.br\/index.php\/wp-json\/wp\/v2\/media\/74964"}],"wp:attachment":[{"href":"https:\/\/blogdoedvaldomagalhaes.com.br\/index.php\/wp-json\/wp\/v2\/media?parent=74963"}],"wp:term":[{"taxonomy":"category","embeddable":true,"href":"https:\/\/blogdoedvaldomagalhaes.com.br\/index.php\/wp-json\/wp\/v2\/categories?post=74963"},{"taxonomy":"post_tag","embeddable":true,"href":"https:\/\/blogdoedvaldomagalhaes.com.br\/index.php\/wp-json\/wp\/v2\/tags?post=74963"}],"curies":[{"name":"wp","href":"https:\/\/api.w.org\/{rel}","templated":true}]}}