{"id":74960,"date":"2021-09-20T08:02:04","date_gmt":"2021-09-20T11:02:04","guid":{"rendered":"https:\/\/blogdoedvaldomagalhaes.com.br\/?p=74960"},"modified":"2021-09-20T08:02:06","modified_gmt":"2021-09-20T11:02:06","slug":"homem-e-assassinado-em-tentativa-de-assalto-na-zona-rural-de-caruaru","status":"publish","type":"post","link":"https:\/\/blogdoedvaldomagalhaes.com.br\/index.php\/2021\/09\/20\/homem-e-assassinado-em-tentativa-de-assalto-na-zona-rural-de-caruaru\/","title":{"rendered":"Homem \u00e9 assassinado em tentativa de assalto na zona rural de Caruaru"},"content":{"rendered":"<p style=\"text-align: justify;\">Mais um homic\u00eddio aconteceu em Caruaru, na noite deste domingo (19). Um homem foi assassinado na estrada do S\u00edtio Murici, zona rural do munic\u00edpio.<\/p>\n<p style=\"text-align: justify;\">De acordo com a pol\u00edcia, Adenilson dos Santos Silva, 26 anos, conhecido como Vaqueiro, foi v\u00edtima de tentativa de assalto. Ele conduzia uma moto no momento em foi atingido por tiros.<\/p>\n<p style=\"text-align: justify;\">Este foi o 4\u00ba homic\u00eddio do fim de semana em Caruaru. Neste m\u00eas de setembro s\u00e3o\u00a0<strong>9<\/strong>\u00a0assassinatos no munic\u00edpio e de janeiro at\u00e9 agora\u00a0<strong>82<\/strong>\u00a0crimes.<\/p>\n","protected":false},"excerpt":{"rendered":"<p>Mais um homic\u00eddio aconteceu em Caruaru, na noite deste domingo (19). Um homem foi assassinado na estrada do S\u00edtio Murici,&hellip;<\/p>\n","protected":false},"author":1,"featured_media":74961,"comment_status":"open","ping_status":"open","sticky":false,"template":"","format":"standard","meta":{"footnotes":""},"categories":[14121],"tags":[2,19532,3406,22848,5448],"class_list":["post-74960","post","type-post","status-publish","format-standard","has-post-thumbnail","hentry","category-policial","tag-blog-do-edvaldo-magalhaes","tag-blog-mais-acessado-e-visualizado-de-caruaru-e-regiao","tag-caruaru","tag-homem-e-assassinado-em-tentativa-de-assalto-na-zona-rural-de-caruaru","tag-homicidio"],"_links":{"self":[{"href":"https:\/\/blogdoedvaldomagalhaes.com.br\/index.php\/wp-json\/wp\/v2\/posts\/74960","targetHints":{"allow":["GET"]}}],"collection":[{"href":"https:\/\/blogdoedvaldomagalhaes.com.br\/index.php\/wp-json\/wp\/v2\/posts"}],"about":[{"href":"https:\/\/blogdoedvaldomagalhaes.com.br\/index.php\/wp-json\/wp\/v2\/types\/post"}],"author":[{"embeddable":true,"href":"https:\/\/blogdoedvaldomagalhaes.com.br\/index.php\/wp-json\/wp\/v2\/users\/1"}],"replies":[{"embeddable":true,"href":"https:\/\/blogdoedvaldomagalhaes.com.br\/index.php\/wp-json\/wp\/v2\/comments?post=74960"}],"version-history":[{"count":1,"href":"https:\/\/blogdoedvaldomagalhaes.com.br\/index.php\/wp-json\/wp\/v2\/posts\/74960\/revisions"}],"predecessor-version":[{"id":74962,"href":"https:\/\/blogdoedvaldomagalhaes.com.br\/index.php\/wp-json\/wp\/v2\/posts\/74960\/revisions\/74962"}],"wp:featuredmedia":[{"embeddable":true,"href":"https:\/\/blogdoedvaldomagalhaes.com.br\/index.php\/wp-json\/wp\/v2\/media\/74961"}],"wp:attachment":[{"href":"https:\/\/blogdoedvaldomagalhaes.com.br\/index.php\/wp-json\/wp\/v2\/media?parent=74960"}],"wp:term":[{"taxonomy":"category","embeddable":true,"href":"https:\/\/blogdoedvaldomagalhaes.com.br\/index.php\/wp-json\/wp\/v2\/categories?post=74960"},{"taxonomy":"post_tag","embeddable":true,"href":"https:\/\/blogdoedvaldomagalhaes.com.br\/index.php\/wp-json\/wp\/v2\/tags?post=74960"}],"curies":[{"name":"wp","href":"https:\/\/api.w.org\/{rel}","templated":true}]}}