{"id":74952,"date":"2021-09-19T20:16:49","date_gmt":"2021-09-19T23:16:49","guid":{"rendered":"https:\/\/blogdoedvaldomagalhaes.com.br\/?p=74952"},"modified":"2021-09-19T20:24:14","modified_gmt":"2021-09-19T23:24:14","slug":"jovem-de-19-anos-e-assassinado-em-caruaru-2","status":"publish","type":"post","link":"https:\/\/blogdoedvaldomagalhaes.com.br\/index.php\/2021\/09\/19\/jovem-de-19-anos-e-assassinado-em-caruaru-2\/","title":{"rendered":"Jovem de 19 anos \u00e9 assassinado em Caruaru"},"content":{"rendered":"<p style=\"text-align: justify;\">O jovem Rodrigo Berto Barbosa, de 19 anos de idade, foi assassinado na rua Maria Ten\u00f3rio, no bairro Jos\u00e9 Carlos de Oliveira, em Caruaru, na noite deste domingo (19). A autoria e a motiva\u00e7\u00e3o do crime ainda s\u00e3o desconhecidas. O corpo foi encaminhado ao Instituto de Medicina Legal (IML).<\/p>\n<p>Esse foi o <strong>8\u00b0<\/strong> homic\u00eddio no m\u00eas de setembro, e o <strong>81\u00b0<\/strong> no ano de 2021, em Caruaru.<\/p>\n\n\n<figure class=\"wp-block-image size-large\"><img loading=\"lazy\" decoding=\"async\" width=\"720\" height=\"696\" src=\"https:\/\/blogdoedvaldomagalhaes.com.br\/wp-content\/uploads\/2021\/09\/IMG-20210919-WA0198.jpg\" alt=\"\" class=\"wp-image-74955\" srcset=\"https:\/\/blogdoedvaldomagalhaes.com.br\/wp-content\/uploads\/2021\/09\/IMG-20210919-WA0198.jpg 720w, https:\/\/blogdoedvaldomagalhaes.com.br\/wp-content\/uploads\/2021\/09\/IMG-20210919-WA0198-300x290.jpg 300w\" sizes=\"auto, (max-width: 720px) 100vw, 720px\" \/><figcaption>Rodrigo Berto Barbosa<\/figcaption><\/figure>\n","protected":false},"excerpt":{"rendered":"<p>O jovem Rodrigo Berto Barbosa, de 19 anos de idade, foi assassinado na rua Maria Ten\u00f3rio, no bairro Jos\u00e9 Carlos&hellip;<\/p>\n","protected":false},"author":1,"featured_media":74953,"comment_status":"open","ping_status":"open","sticky":false,"template":"","format":"standard","meta":{"footnotes":""},"categories":[14121],"tags":[2,19532,3406,5448,17795],"class_list":["post-74952","post","type-post","status-publish","format-standard","has-post-thumbnail","hentry","category-policial","tag-blog-do-edvaldo-magalhaes","tag-blog-mais-acessado-e-visualizado-de-caruaru-e-regiao","tag-caruaru","tag-homicidio","tag-jovem-de-19-anos-e-assassinado-em-caruaru"],"_links":{"self":[{"href":"https:\/\/blogdoedvaldomagalhaes.com.br\/index.php\/wp-json\/wp\/v2\/posts\/74952","targetHints":{"allow":["GET"]}}],"collection":[{"href":"https:\/\/blogdoedvaldomagalhaes.com.br\/index.php\/wp-json\/wp\/v2\/posts"}],"about":[{"href":"https:\/\/blogdoedvaldomagalhaes.com.br\/index.php\/wp-json\/wp\/v2\/types\/post"}],"author":[{"embeddable":true,"href":"https:\/\/blogdoedvaldomagalhaes.com.br\/index.php\/wp-json\/wp\/v2\/users\/1"}],"replies":[{"embeddable":true,"href":"https:\/\/blogdoedvaldomagalhaes.com.br\/index.php\/wp-json\/wp\/v2\/comments?post=74952"}],"version-history":[{"count":3,"href":"https:\/\/blogdoedvaldomagalhaes.com.br\/index.php\/wp-json\/wp\/v2\/posts\/74952\/revisions"}],"predecessor-version":[{"id":74958,"href":"https:\/\/blogdoedvaldomagalhaes.com.br\/index.php\/wp-json\/wp\/v2\/posts\/74952\/revisions\/74958"}],"wp:featuredmedia":[{"embeddable":true,"href":"https:\/\/blogdoedvaldomagalhaes.com.br\/index.php\/wp-json\/wp\/v2\/media\/74953"}],"wp:attachment":[{"href":"https:\/\/blogdoedvaldomagalhaes.com.br\/index.php\/wp-json\/wp\/v2\/media?parent=74952"}],"wp:term":[{"taxonomy":"category","embeddable":true,"href":"https:\/\/blogdoedvaldomagalhaes.com.br\/index.php\/wp-json\/wp\/v2\/categories?post=74952"},{"taxonomy":"post_tag","embeddable":true,"href":"https:\/\/blogdoedvaldomagalhaes.com.br\/index.php\/wp-json\/wp\/v2\/tags?post=74952"}],"curies":[{"name":"wp","href":"https:\/\/api.w.org\/{rel}","templated":true}]}}