{"id":7495,"date":"2016-12-03T22:31:00","date_gmt":"2016-12-04T00:31:00","guid":{"rendered":"http:\/\/blogdoedvaldomagalhaes.com.br\/index.php\/2016\/12\/03\/polo-caruaru-recebe-2-mostra-de-rosas\/"},"modified":"2019-02-09T01:08:36","modified_gmt":"2019-02-09T03:08:36","slug":"polo-caruaru-recebe-2-mostra-de-rosas","status":"publish","type":"post","link":"https:\/\/blogdoedvaldomagalhaes.com.br\/index.php\/2016\/12\/03\/polo-caruaru-recebe-2-mostra-de-rosas\/","title":{"rendered":"Polo Caruaru recebe 2\u00aa Mostra de Rosas do Deserto e Orqu\u00eddeas"},"content":{"rendered":"<div class=\"separator\" style=\"clear: both; text-align: center;\">\n<a href=\"https:\/\/3.bp.blogspot.com\/-3lyWqcM47Qk\/WENHma9rVFI\/AAAAAAAAK7A\/LBsGoB1TU3UoqjhTIDmpRfT6TX4jKOTPgCLcB\/s1600\/polo.jpg\" imageanchor=\"1\" style=\"margin-left: 1em; margin-right: 1em;\"><img loading=\"lazy\" decoding=\"async\" border=\"0\" height=\"221\" src=\"http:\/\/blogdoedvaldomagalhaes.com.br\/wp-content\/uploads\/2016\/12\/polo.jpg\" width=\"400\" \/><\/a><\/div>\n<div style=\"color: #333333; font-family: &quot;Open Sans&quot;, sans-serif; font-size: 15px; list-style: none; text-align: justify;\">\n<\/div>\n<div style=\"list-style: none; text-align: justify;\">\nO Polo Caruaru recebe, nestes s\u00e1bado (03) e domingo (04), a 2\u00aa Mostra de Rosas do Deserto e Orqu\u00eddeas. Ser\u00e3o cerca de 300 orqu\u00eddeas de 60 esp\u00e9cies diferentes e mais de 400 Rosas do Deserto, de diversos tipos, que ficar\u00e3o expostas na Pra\u00e7a de Eventos.<\/div>\n<div style=\"list-style: none; text-align: justify;\">\n<br style=\"list-style: none;\" \/>A exposi\u00e7\u00e3o \u00e9 gratuita e ter\u00e1 um stand de vendas com flores a partir de 10 reais. A iniciativa \u00e9 da Associa\u00e7\u00e3o Orquid\u00f3fila de Pernambuco (Assope), que trouxe o evento pela primeira vez em junho deste ano.&nbsp;<\/div>\n","protected":false},"excerpt":{"rendered":"<p>O Polo Caruaru recebe, nestes s\u00e1bado (03) e domingo (04), a 2\u00aa Mostra de Rosas do Deserto e Orqu\u00eddeas. Ser\u00e3o&hellip;<\/p>\n","protected":false},"author":1,"featured_media":0,"comment_status":"open","ping_status":"open","sticky":false,"template":"","format":"standard","meta":{"footnotes":""},"categories":[1],"tags":[10643,10644,2,6,10645],"class_list":["post-7495","post","type-post","status-publish","format-standard","hentry","category-sem-categoria","tag-associacao-orquidofila-de-pernambuco","tag-assope","tag-blog-do-edvaldo-magalhaes","tag-noticias","tag-polo-caruaru-recebe-2a-mostra-de-rosas-do-deserto-e-orquideas"],"_links":{"self":[{"href":"https:\/\/blogdoedvaldomagalhaes.com.br\/index.php\/wp-json\/wp\/v2\/posts\/7495","targetHints":{"allow":["GET"]}}],"collection":[{"href":"https:\/\/blogdoedvaldomagalhaes.com.br\/index.php\/wp-json\/wp\/v2\/posts"}],"about":[{"href":"https:\/\/blogdoedvaldomagalhaes.com.br\/index.php\/wp-json\/wp\/v2\/types\/post"}],"author":[{"embeddable":true,"href":"https:\/\/blogdoedvaldomagalhaes.com.br\/index.php\/wp-json\/wp\/v2\/users\/1"}],"replies":[{"embeddable":true,"href":"https:\/\/blogdoedvaldomagalhaes.com.br\/index.php\/wp-json\/wp\/v2\/comments?post=7495"}],"version-history":[{"count":1,"href":"https:\/\/blogdoedvaldomagalhaes.com.br\/index.php\/wp-json\/wp\/v2\/posts\/7495\/revisions"}],"predecessor-version":[{"id":14673,"href":"https:\/\/blogdoedvaldomagalhaes.com.br\/index.php\/wp-json\/wp\/v2\/posts\/7495\/revisions\/14673"}],"wp:attachment":[{"href":"https:\/\/blogdoedvaldomagalhaes.com.br\/index.php\/wp-json\/wp\/v2\/media?parent=7495"}],"wp:term":[{"taxonomy":"category","embeddable":true,"href":"https:\/\/blogdoedvaldomagalhaes.com.br\/index.php\/wp-json\/wp\/v2\/categories?post=7495"},{"taxonomy":"post_tag","embeddable":true,"href":"https:\/\/blogdoedvaldomagalhaes.com.br\/index.php\/wp-json\/wp\/v2\/tags?post=7495"}],"curies":[{"name":"wp","href":"https:\/\/api.w.org\/{rel}","templated":true}]}}