{"id":74947,"date":"2021-09-19T19:43:58","date_gmt":"2021-09-19T22:43:58","guid":{"rendered":"https:\/\/blogdoedvaldomagalhaes.com.br\/?p=74947"},"modified":"2021-09-19T19:51:10","modified_gmt":"2021-09-19T22:51:10","slug":"pernambuco-recebe-mais-de-300-mil-doses-de-vacinas-da-pfizer","status":"publish","type":"post","link":"https:\/\/blogdoedvaldomagalhaes.com.br\/index.php\/2021\/09\/19\/pernambuco-recebe-mais-de-300-mil-doses-de-vacinas-da-pfizer\/","title":{"rendered":"Pernambuco recebe mais de 300 mil doses de vacinas da Pfizer"},"content":{"rendered":"<p style=\"text-align: justify;\">Neste domingo (19.09), 307.710 doses de vacinas contra a Covid-19 da Pfizer\/BioNTech chegaram a Pernambuco. Os imunizantes foram divididos em dois voos. O primeiro aterrissou no Aeroporto Internacional do Recife\/Guararapes \u2013 Gilberto Freyre \u00e0s 10h, e o segundo, por volta das 11h. As vacinas seguiram para a sede do Programa Estadual de Imuniza\u00e7\u00e3o (PNI-PE), para checagem, armazenamento e separa\u00e7\u00e3o por munic\u00edpio. A distribui\u00e7\u00e3o \u00e0s Ger\u00eancias Regionais de Sa\u00fade (Geres) deve ocorrer nos pr\u00f3ximos dias.<\/p>\n<p style=\"text-align: justify;\">De acordo com a superintendente de Imuniza\u00e7\u00f5es de Pernambuco, Ana Catarina de Melo, os imunizantes contidos nessas duas novas remessas dever\u00e3o ser utilizados para aplica\u00e7\u00e3o das segundas doses na popula\u00e7\u00e3o em geral, al\u00e9m das doses de refor\u00e7o destinadas a idosos com 70 anos ou mais que completaram o esquema vacinal a, pelo menos, seis meses, e aos pacientes imunossuprimidos. Neste \u00faltimo grupo, a aplica\u00e7\u00e3o deve ser feita ap\u00f3s 28 dias da segunda dose.<\/p>\n<p style=\"text-align: justify;\">Desde o in\u00edcio da campanha, em janeiro deste ano, Pernambuco j\u00e1 recebeu 12.157.940 doses de vacinas contra a Covid-19. Desse total, foram 4.216.270 da Astrazeneca\/Oxford\/Fiocruz, 4.481.720 da Coronavac\/Butantan, 3.287.700 da Pfizer\/BioNTech e 172.250 da Janssen.<\/p>\n<p style=\"text-align: justify;\"><b><span lang=\"PT\">BALAN\u00c7O DA VACINA\u00c7\u00c3O &#8211;<\/span><\/b><span lang=\"PT\">\u00a0Pernambuco j\u00e1 aplicou 9.235.854 doses de vacinas contra a Covid-19 na sua popula\u00e7\u00e3o, desde o in\u00edcio da campanha de imuniza\u00e7\u00e3o no Estado (no dia 18 de janeiro de 2021).<\/span><\/p>\n<p style=\"text-align: justify;\"><span lang=\"PT\">Com rela\u00e7\u00e3o \u00e0s primeiras doses, foram 6.138.399 aplica\u00e7\u00f5es (cobertura de 73,85%). Do total, 3.097.445 pernambucanos (37,27%) j\u00e1 completaram seus esquemas vacinais, sendo 2.924.464 pessoas que foram vacinadas com imunizantes aplicados em duas doses e outros 172.991 pernambucanos que foram contemplados com vacina aplicada em dose \u00fanica.<\/span><\/p>\n<p style=\"text-align: justify;\"><span lang=\"PT\">Outras informa\u00e7\u00f5es detalhadas sobre a popula\u00e7\u00e3o vacinada contra a Covid-19 est\u00e3o dispon\u00edveis no Painel de Acompanhamento Vacinal, que pode ser acessado pelo\u00a0<a href=\"https:\/\/bit.ly\/3xteooh\" target=\"_blank\" rel=\"noopener noreferrer\" data-saferedirecturl=\"https:\/\/www.google.com\/url?q=https:\/\/bit.ly\/3xteooh&amp;source=gmail&amp;ust=1632177221286000&amp;usg=AFQjCNEYrUy7TOSd61R5wtnQo7LlEHyKFQ\">https:\/\/bit.ly\/3xteooh<\/a>. No ambiente on-line, h\u00e1 as coberturas por grupo e por munic\u00edpios, doses aplicadas x distribu\u00eddas por cidade, perfil dos vacinados (sexo, ra\u00e7a\/cor). H\u00e1, ainda, as bases de dados para download.<\/span><\/p>\n<p style=\"text-align: justify;\"><span lang=\"PT\">A Secretaria Estadual de Sa\u00fade (SES-PE) registrou, neste domingo (19\/09), 122 casos da Covid-19. Entre os confirmados hoje, 22 (18%) s\u00e3o casos de S\u00edndrome Respirat\u00f3ria Aguda Grave (SRAG) e 100 (82%) s\u00e3o leves. Agora, Pernambuco totaliza 615.672 casos confirmados da doen\u00e7a, sendo 53.784 graves e 561.888 leves<\/span><span lang=\"PT\">,\u00a0<\/span><span lang=\"PT\">que\u00a0est\u00e3o\u00a0distribu\u00eddos\u00a0por\u00a0todos\u00a0os\u00a0184\u00a0munic\u00edpios\u00a0pernambucanos,\u00a0al\u00e9m\u00a0do\u00a0arquip\u00e9lago\u00a0de\u00a0Fernando\u00a0de\u00a0Noronha.<\/span><\/p>\n<p style=\"text-align: justify;\"><span lang=\"PT\">Al\u00e9m disso, o boletim registra um total de 550.908 pacientes recuperados da doen\u00e7a. Destes,\u00a032.312 eram pacientes graves, que necessitaram de internamento hospitalar, e 518.596 eram\u00a0casos\u00a0leves.<\/span><\/p>\n<p style=\"text-align: justify;\"><span lang=\"PT\">Tamb\u00e9m foram confirmados laboratorialmente 7 novos \u00f3bitos (1 masculino e 6 femininos), ocorridos entre os dias 10\/04\/2021 e 17\/09\/2021. As novas mortes s\u00e3o de pessoas residentes dos munic\u00edpios de Ara\u00e7oiaba (1), Recife (3), Riacho das Almas (1), S\u00e3o Louren\u00e7o da Mata (1) e Timba\u00faba (1). Com isso, o Estado totaliza 19.612 mortes pela doen\u00e7a.<\/span><\/p>\n<p style=\"text-align: justify;\"><span lang=\"PT\">Os pacientes tinham idades entre 41 e 95 anos. As faixas et\u00e1rias s\u00e3o: 40 a 49 (2), 70 a 79 (3), 80 e mais (2). Do total, 3 tinham doen\u00e7as preexistentes: doen\u00e7a cardiovascular (2), hipertens\u00e3o (), diabetes (1), hist\u00f3rico de tabagismo (1), sobrepeso\/obesidade (1) &#8211; um paciente pode ter mais de uma comorbidade. O restante est\u00e1 em investiga\u00e7\u00e3o.<\/span><\/p>\n","protected":false},"excerpt":{"rendered":"<p>Neste domingo (19.09), 307.710 doses de vacinas contra a Covid-19 da Pfizer\/BioNTech chegaram a Pernambuco. Os imunizantes foram divididos em&hellip;<\/p>\n","protected":false},"author":1,"featured_media":74948,"comment_status":"open","ping_status":"open","sticky":false,"template":"","format":"standard","meta":{"footnotes":""},"categories":[14120],"tags":[2,19532,3406,17559,19670,22847],"class_list":["post-74947","post","type-post","status-publish","format-standard","has-post-thumbnail","hentry","category-noticias","tag-blog-do-edvaldo-magalhaes","tag-blog-mais-acessado-e-visualizado-de-caruaru-e-regiao","tag-caruaru","tag-covid-19","tag-novo-coronavirus","tag-pernambuco-recebe-mais-de-300-mil-doses-de-vacinas-da-pfizer"],"_links":{"self":[{"href":"https:\/\/blogdoedvaldomagalhaes.com.br\/index.php\/wp-json\/wp\/v2\/posts\/74947","targetHints":{"allow":["GET"]}}],"collection":[{"href":"https:\/\/blogdoedvaldomagalhaes.com.br\/index.php\/wp-json\/wp\/v2\/posts"}],"about":[{"href":"https:\/\/blogdoedvaldomagalhaes.com.br\/index.php\/wp-json\/wp\/v2\/types\/post"}],"author":[{"embeddable":true,"href":"https:\/\/blogdoedvaldomagalhaes.com.br\/index.php\/wp-json\/wp\/v2\/users\/1"}],"replies":[{"embeddable":true,"href":"https:\/\/blogdoedvaldomagalhaes.com.br\/index.php\/wp-json\/wp\/v2\/comments?post=74947"}],"version-history":[{"count":3,"href":"https:\/\/blogdoedvaldomagalhaes.com.br\/index.php\/wp-json\/wp\/v2\/posts\/74947\/revisions"}],"predecessor-version":[{"id":74951,"href":"https:\/\/blogdoedvaldomagalhaes.com.br\/index.php\/wp-json\/wp\/v2\/posts\/74947\/revisions\/74951"}],"wp:featuredmedia":[{"embeddable":true,"href":"https:\/\/blogdoedvaldomagalhaes.com.br\/index.php\/wp-json\/wp\/v2\/media\/74948"}],"wp:attachment":[{"href":"https:\/\/blogdoedvaldomagalhaes.com.br\/index.php\/wp-json\/wp\/v2\/media?parent=74947"}],"wp:term":[{"taxonomy":"category","embeddable":true,"href":"https:\/\/blogdoedvaldomagalhaes.com.br\/index.php\/wp-json\/wp\/v2\/categories?post=74947"},{"taxonomy":"post_tag","embeddable":true,"href":"https:\/\/blogdoedvaldomagalhaes.com.br\/index.php\/wp-json\/wp\/v2\/tags?post=74947"}],"curies":[{"name":"wp","href":"https:\/\/api.w.org\/{rel}","templated":true}]}}