{"id":74926,"date":"2021-09-19T15:45:18","date_gmt":"2021-09-19T18:45:18","guid":{"rendered":"https:\/\/blogdoedvaldomagalhaes.com.br\/?p=74926"},"modified":"2021-09-19T15:45:19","modified_gmt":"2021-09-19T18:45:19","slug":"operacao-fecha-abate-clandestino-com-100-animais-mortos-e-30-em-condicoes-de-maustratos-em-pernambuco","status":"publish","type":"post","link":"https:\/\/blogdoedvaldomagalhaes.com.br\/index.php\/2021\/09\/19\/operacao-fecha-abate-clandestino-com-100-animais-mortos-e-30-em-condicoes-de-maustratos-em-pernambuco\/","title":{"rendered":"Opera\u00e7\u00e3o fecha abate clandestino com 100 animais mortos e 30 em condi\u00e7\u00f5es de maustratos em Pernambuco"},"content":{"rendered":"<p style=\"text-align: justify;\"><span style=\"font-size: inherit;\">Em uma opera\u00e7\u00e3o conjunta, Vigil\u00e2ncia Sanit\u00e1ria, Guarda Civil Municipal e a Pol\u00edcia Rodovi\u00e1ria Federal, na noite da \u00faltima sexta-feira (17), desarticularam um grupo que realiza abate clandestino de animais, em sua maior parte, caprinos e ovinos para comercializa\u00e7\u00e3o nas feiras e demais estabelecimentos na cidade. Durante a a\u00e7\u00e3o, al\u00e9m da condu\u00e7\u00e3o dos envolvidos \u00e0 delegacia, todas as carnes foram apreendidas.<\/span><\/p>\n<p style=\"text-align: justify;\">O combate \u00e0 clandestinidade no abate e comercializa\u00e7\u00e3o de carne e demais produtos derivados de animais tem se intensificado no munic\u00edpio, e a popula\u00e7\u00e3o tem contribu\u00eddo para que isso aconte\u00e7a, uma vez que essa desarticula\u00e7\u00e3o aconteceu ap\u00f3s den\u00fancias aos \u00f3rg\u00e3os municipais.<\/p>\n<p style=\"text-align: justify;\">No local, foram encontrados cerca de 100 animas j\u00e1 abatidos e mais 30 em condi\u00e7\u00f5es de maus tratos, al\u00e9m das v\u00edsceras j\u00e1 em estado de decomposi\u00e7\u00e3o, muita sujeira e sangue misturados aos animais mortos. Durante a opera\u00e7\u00e3o, foi constatado ainda que o grupo estava de posse de carimbos e documentos falsificados.<\/p>\n<p style=\"text-align: justify;\">Para o diretor-presidente da Vigil\u00e2ncia Sanit\u00e1ria, Marcelo Gama, a opera\u00e7\u00e3o al\u00e9m de desarticular a criminalidade, resguardou a sa\u00fade p\u00fablica. \u201cTemos um abatedouro p\u00fablico funcionando 24h em Petrolina para assegurar aos comerciantes abates com seguran\u00e7a, higieniza\u00e7\u00e3o e todos os tr\u00e2mites legais que asseguram uma carne de qualidade destinada ao consumidor final, que \u00e9 a popula\u00e7\u00e3o. Presamos pela sa\u00fade p\u00fablica dos mun\u00edcipes, com isso, estamos atuantes e vigilantes a estas situa\u00e7\u00f5es\u201d, explicou Gama.<\/p>\n<p style=\"text-align: justify;\">Sobre a opera\u00e7\u00e3o, o diretor ressalta: \u201ctemos uma parceira com a Guarda Municipal que est\u00e1 junto \u00e0 nossa equipe de vigil\u00e2ncia nas opera\u00e7\u00f5es e a\u00e7\u00f5es de combate \u00e0 clandestinidade, em especial de abates. Contamos nesta opera\u00e7\u00e3o com o apoio da Pol\u00edcia Rodovi\u00e1ria Federal, uma vez que estes produtos iriam para outras cidades da regi\u00e3o. Refor\u00e7o mais uma vez, o nosso trabalho \u00e9 para assegurar que produtos com certifica\u00e7\u00e3o de qualidade cheguem at\u00e9 o consumidor, isso \u00e9 sa\u00fade p\u00fablica\u201d, acrescentou.<\/p>\n<p style=\"text-align: justify;\">A popula\u00e7\u00e3o pode denunciar, 24h, atrav\u00e9s do 153 da Guarda Civil Municipal e tamb\u00e9m do 156 da ouvidoria municipal , este de segunda a sexta-feira em hor\u00e1rio comercial.<\/p>\n\n\n<figure class=\"wp-block-image size-large\"><img loading=\"lazy\" decoding=\"async\" width=\"960\" height=\"960\" src=\"https:\/\/blogdoedvaldomagalhaes.com.br\/wp-content\/uploads\/2021\/09\/IMG-20210919-WA0118.jpg\" alt=\"\" class=\"wp-image-74928\" srcset=\"https:\/\/blogdoedvaldomagalhaes.com.br\/wp-content\/uploads\/2021\/09\/IMG-20210919-WA0118.jpg 960w, https:\/\/blogdoedvaldomagalhaes.com.br\/wp-content\/uploads\/2021\/09\/IMG-20210919-WA0118-300x300.jpg 300w, https:\/\/blogdoedvaldomagalhaes.com.br\/wp-content\/uploads\/2021\/09\/IMG-20210919-WA0118-150x150.jpg 150w, https:\/\/blogdoedvaldomagalhaes.com.br\/wp-content\/uploads\/2021\/09\/IMG-20210919-WA0118-768x768.jpg 768w\" sizes=\"auto, (max-width: 960px) 100vw, 960px\" \/><\/figure>\n\n\n\n<figure class=\"wp-block-image size-large\"><img loading=\"lazy\" decoding=\"async\" width=\"632\" height=\"483\" src=\"https:\/\/blogdoedvaldomagalhaes.com.br\/wp-content\/uploads\/2021\/09\/IMG-20210919-WA0116.jpg\" alt=\"\" class=\"wp-image-74929\" srcset=\"https:\/\/blogdoedvaldomagalhaes.com.br\/wp-content\/uploads\/2021\/09\/IMG-20210919-WA0116.jpg 632w, https:\/\/blogdoedvaldomagalhaes.com.br\/wp-content\/uploads\/2021\/09\/IMG-20210919-WA0116-300x229.jpg 300w\" sizes=\"auto, (max-width: 632px) 100vw, 632px\" \/><figcaption>Fotos: PRF\/Divulga\u00e7\u00e3o<\/figcaption><\/figure>\n","protected":false},"excerpt":{"rendered":"<p>Em uma opera\u00e7\u00e3o conjunta, Vigil\u00e2ncia Sanit\u00e1ria, Guarda Civil Municipal e a Pol\u00edcia Rodovi\u00e1ria Federal, na noite da \u00faltima sexta-feira (17),&hellip;<\/p>\n","protected":false},"author":1,"featured_media":74927,"comment_status":"open","ping_status":"open","sticky":false,"template":"","format":"standard","meta":{"footnotes":""},"categories":[14121],"tags":[2,19532,3406,22845,6040],"class_list":["post-74926","post","type-post","status-publish","format-standard","has-post-thumbnail","hentry","category-policial","tag-blog-do-edvaldo-magalhaes","tag-blog-mais-acessado-e-visualizado-de-caruaru-e-regiao","tag-caruaru","tag-operacao-fecha-abate-clandestino-com-100-animais-mortos-e-30-em-condicoes-de-maustratos-em-pernambuco","tag-petrolina"],"_links":{"self":[{"href":"https:\/\/blogdoedvaldomagalhaes.com.br\/index.php\/wp-json\/wp\/v2\/posts\/74926","targetHints":{"allow":["GET"]}}],"collection":[{"href":"https:\/\/blogdoedvaldomagalhaes.com.br\/index.php\/wp-json\/wp\/v2\/posts"}],"about":[{"href":"https:\/\/blogdoedvaldomagalhaes.com.br\/index.php\/wp-json\/wp\/v2\/types\/post"}],"author":[{"embeddable":true,"href":"https:\/\/blogdoedvaldomagalhaes.com.br\/index.php\/wp-json\/wp\/v2\/users\/1"}],"replies":[{"embeddable":true,"href":"https:\/\/blogdoedvaldomagalhaes.com.br\/index.php\/wp-json\/wp\/v2\/comments?post=74926"}],"version-history":[{"count":1,"href":"https:\/\/blogdoedvaldomagalhaes.com.br\/index.php\/wp-json\/wp\/v2\/posts\/74926\/revisions"}],"predecessor-version":[{"id":74930,"href":"https:\/\/blogdoedvaldomagalhaes.com.br\/index.php\/wp-json\/wp\/v2\/posts\/74926\/revisions\/74930"}],"wp:featuredmedia":[{"embeddable":true,"href":"https:\/\/blogdoedvaldomagalhaes.com.br\/index.php\/wp-json\/wp\/v2\/media\/74927"}],"wp:attachment":[{"href":"https:\/\/blogdoedvaldomagalhaes.com.br\/index.php\/wp-json\/wp\/v2\/media?parent=74926"}],"wp:term":[{"taxonomy":"category","embeddable":true,"href":"https:\/\/blogdoedvaldomagalhaes.com.br\/index.php\/wp-json\/wp\/v2\/categories?post=74926"},{"taxonomy":"post_tag","embeddable":true,"href":"https:\/\/blogdoedvaldomagalhaes.com.br\/index.php\/wp-json\/wp\/v2\/tags?post=74926"}],"curies":[{"name":"wp","href":"https:\/\/api.w.org\/{rel}","templated":true}]}}