{"id":74921,"date":"2021-09-19T14:54:42","date_gmt":"2021-09-19T17:54:42","guid":{"rendered":"https:\/\/blogdoedvaldomagalhaes.com.br\/?p=74921"},"modified":"2021-09-19T15:09:55","modified_gmt":"2021-09-19T18:09:55","slug":"morre-ator-luis-gustavo-vitima-de-cancer-no-intestino","status":"publish","type":"post","link":"https:\/\/blogdoedvaldomagalhaes.com.br\/index.php\/2021\/09\/19\/morre-ator-luis-gustavo-vitima-de-cancer-no-intestino\/","title":{"rendered":"Morre ator Luis Gustavo v\u00edtima de c\u00e2ncer no intestino"},"content":{"rendered":"<p style=\"text-align: justify;\">Morreu neste domingo (19), o ator Luis Gustavo, aos 87 anos em decorr\u00eancia de um c\u00e2ncer de intestino. O artista descobriu a doen\u00e7a em 2018 e, desde ent\u00e3o, decidiu se isolar do meio art\u00edstico para focar no tratamento depois de 65 anos de carreira. Ele estava afastado da televis\u00e3o desde que interpretou o seu Heitor em Malha\u00e7\u00e3o: Vidas Brasileiras (2018).<\/p>\n<p style=\"text-align: justify;\">Luiz Gustavo foi int\u00e9rprete de grandes personagens c\u00f4micos da telenovela brasileira, e merece um cap\u00edtulo especial na hist\u00f3ria da televis\u00e3o. Personagens interpretados por ele que marcaram \u00e9poca: Beto Rockfeller, protagonista da novela hom\u00f4nima da TV Tupi (1968); o detetive M\u00e1rio Fofoca, de Elas por Elas (1982); o estilista Victor Valentim, da primeira vers\u00e3o de Ti-Ti-Ti; ou o Tio Vav\u00e1 do humor\u00edstico Sai de Baixo.<\/p>\n<p style=\"text-align: justify;\">Luiz Gustavo nasceu em 02 de fevereiro de 1934, em Gotemburgo, na Su\u00e9cia, de pais espanh\u00f3is, ele chegou ao Brasil ainda crian\u00e7a e adotou S\u00e3o Paulo como o lugar para criar suas ra\u00edzes. Mesmo viajando constantemente ao Rio de Janeiro, o ator n\u00e3o se intimidava pela ponte a\u00e9rea entre as cidades e se considerava um paulista de alma e cora\u00e7\u00e3o. O ator passou os \u00faltimos anos morando em Itatiba, no interior de S\u00e3o Paulo.<\/p>\n","protected":false},"excerpt":{"rendered":"<p>Morreu neste domingo (19), o ator Luis Gustavo, aos 87 anos em decorr\u00eancia de um c\u00e2ncer de intestino. O artista&hellip;<\/p>\n","protected":false},"author":1,"featured_media":74922,"comment_status":"open","ping_status":"open","sticky":false,"template":"","format":"standard","meta":{"footnotes":""},"categories":[14120],"tags":[2,19532,3406,22844],"class_list":["post-74921","post","type-post","status-publish","format-standard","has-post-thumbnail","hentry","category-noticias","tag-blog-do-edvaldo-magalhaes","tag-blog-mais-acessado-e-visualizado-de-caruaru-e-regiao","tag-caruaru","tag-morre-ator-luis-gustavo-vitima-de-cancer-no-intestino"],"_links":{"self":[{"href":"https:\/\/blogdoedvaldomagalhaes.com.br\/index.php\/wp-json\/wp\/v2\/posts\/74921","targetHints":{"allow":["GET"]}}],"collection":[{"href":"https:\/\/blogdoedvaldomagalhaes.com.br\/index.php\/wp-json\/wp\/v2\/posts"}],"about":[{"href":"https:\/\/blogdoedvaldomagalhaes.com.br\/index.php\/wp-json\/wp\/v2\/types\/post"}],"author":[{"embeddable":true,"href":"https:\/\/blogdoedvaldomagalhaes.com.br\/index.php\/wp-json\/wp\/v2\/users\/1"}],"replies":[{"embeddable":true,"href":"https:\/\/blogdoedvaldomagalhaes.com.br\/index.php\/wp-json\/wp\/v2\/comments?post=74921"}],"version-history":[{"count":2,"href":"https:\/\/blogdoedvaldomagalhaes.com.br\/index.php\/wp-json\/wp\/v2\/posts\/74921\/revisions"}],"predecessor-version":[{"id":74925,"href":"https:\/\/blogdoedvaldomagalhaes.com.br\/index.php\/wp-json\/wp\/v2\/posts\/74921\/revisions\/74925"}],"wp:featuredmedia":[{"embeddable":true,"href":"https:\/\/blogdoedvaldomagalhaes.com.br\/index.php\/wp-json\/wp\/v2\/media\/74922"}],"wp:attachment":[{"href":"https:\/\/blogdoedvaldomagalhaes.com.br\/index.php\/wp-json\/wp\/v2\/media?parent=74921"}],"wp:term":[{"taxonomy":"category","embeddable":true,"href":"https:\/\/blogdoedvaldomagalhaes.com.br\/index.php\/wp-json\/wp\/v2\/categories?post=74921"},{"taxonomy":"post_tag","embeddable":true,"href":"https:\/\/blogdoedvaldomagalhaes.com.br\/index.php\/wp-json\/wp\/v2\/tags?post=74921"}],"curies":[{"name":"wp","href":"https:\/\/api.w.org\/{rel}","templated":true}]}}