{"id":74918,"date":"2021-09-19T13:31:02","date_gmt":"2021-09-19T16:31:02","guid":{"rendered":"https:\/\/blogdoedvaldomagalhaes.com.br\/?p=74918"},"modified":"2021-09-19T15:32:00","modified_gmt":"2021-09-19T18:32:00","slug":"apos-estado-de-alerta-vulcao-de-cumbre-vieja-em-la-palma-nas-ilhas-canarias-entra-em-erupcao","status":"publish","type":"post","link":"https:\/\/blogdoedvaldomagalhaes.com.br\/index.php\/2021\/09\/19\/apos-estado-de-alerta-vulcao-de-cumbre-vieja-em-la-palma-nas-ilhas-canarias-entra-em-erupcao\/","title":{"rendered":"Ap\u00f3s estado de alerta: Vulc\u00e3o de Cumbre Vieja em La Palma, nas Ilhas Can\u00e1rias, entra em erup\u00e7\u00e3o"},"content":{"rendered":"<p style=\"text-align: justify;\">O vulc\u00e3o na ilha de La Palma, nas Ilhas Can\u00e1rias, entrou em erup\u00e7\u00e3o \u00e0s 11h12 no hor\u00e1rio de Bras\u00edlia (15h12, no hor\u00e1rio local), deste domingo (19). O alerta de risco vulc\u00e2nico foi acionado ontem pelas autoridades espanholas. De acordo com o pesquisador do Instituto de Ci\u00eancias do Mar da UFC (Universidade Federal do Cear\u00e1), Carlos Teixeira, a erup\u00e7\u00e3o at\u00e9 o momento \u00e9 de pequeno porte e n\u00e3o h\u00e1 qualquer alerta de tsunami. O complexo vulc\u00e2nico de Cumbre Vieja n\u00e3o entra em erup\u00e7\u00e3o desde 1971 e voltou a ser not\u00edcia nesta semana, ao entrar em alerta amarelo. O vulc\u00e3o da regi\u00e3o ganhou destaque no Brasil, uma vez que seria o \u00fanico que, em caso de erup\u00e7\u00e3o explosiva \u2014 n\u00edvel mais alto de atividade vulc\u00e2nica, poderia ser capaz de gerar deslizamentos e provocar um tsunami, com for\u00e7a suficiente para chegar \u00e0 costa brasileira. O risco desse cen\u00e1rio acontecer \u00e9 baixo.<\/p>\n<p style=\"text-align: justify;\">A mesma ilha registrou sua \u00faltima erup\u00e7\u00e3o h\u00e1 aproximadamente cinco d\u00e9cadas, quando o vulc\u00e3o \u2018Tenegu\u00eda\u2019 entrou em erup\u00e7\u00e3o e permaneceu por mais tr\u00eas semanas ativo. O vulc\u00e3o Teneguia fica no parque nacional Cumbre Vieja no sul da ilha de La Palma. Al\u00e9m dele, h\u00e1 outras forma\u00e7\u00f5es rochosas nas ilhas que comp\u00f5em as Ilhas Can\u00e1rias, como o vulc\u00e3o de Teide, na ilha de Tenerife, e o de Timanfaya, na ilha de Lanzarote. H\u00e1 dias, a ilha vem sofrendo com tremores. Cientistas que atuam no local e que medem as atividades s\u00edsmicas afirmam que mais de 4.200 pequenos tremores foram registrados e que as intensidades eram crescentes. Cerca de 400 tremores mais fortes foram registrados na regi\u00e3o apenas nas \u00faltimas 72h.<\/p>\n<p style=\"text-align: justify;\">Com informa\u00e7\u00f5es UOL.<\/p>\n","protected":false},"excerpt":{"rendered":"<p>O vulc\u00e3o na ilha de La Palma, nas Ilhas Can\u00e1rias, entrou em erup\u00e7\u00e3o \u00e0s 11h12 no hor\u00e1rio de Bras\u00edlia (15h12,&hellip;<\/p>\n","protected":false},"author":1,"featured_media":74919,"comment_status":"open","ping_status":"open","sticky":false,"template":"","format":"standard","meta":{"footnotes":""},"categories":[14120],"tags":[22841,22843,22842],"class_list":["post-74918","post","type-post","status-publish","format-standard","has-post-thumbnail","hentry","category-noticias","tag-apos-estado-de-alerta-vulcao-de-cumbre-vieja-em-la-palma","tag-erupcao","tag-nas-ilhas-canarias"],"_links":{"self":[{"href":"https:\/\/blogdoedvaldomagalhaes.com.br\/index.php\/wp-json\/wp\/v2\/posts\/74918","targetHints":{"allow":["GET"]}}],"collection":[{"href":"https:\/\/blogdoedvaldomagalhaes.com.br\/index.php\/wp-json\/wp\/v2\/posts"}],"about":[{"href":"https:\/\/blogdoedvaldomagalhaes.com.br\/index.php\/wp-json\/wp\/v2\/types\/post"}],"author":[{"embeddable":true,"href":"https:\/\/blogdoedvaldomagalhaes.com.br\/index.php\/wp-json\/wp\/v2\/users\/1"}],"replies":[{"embeddable":true,"href":"https:\/\/blogdoedvaldomagalhaes.com.br\/index.php\/wp-json\/wp\/v2\/comments?post=74918"}],"version-history":[{"count":1,"href":"https:\/\/blogdoedvaldomagalhaes.com.br\/index.php\/wp-json\/wp\/v2\/posts\/74918\/revisions"}],"predecessor-version":[{"id":74920,"href":"https:\/\/blogdoedvaldomagalhaes.com.br\/index.php\/wp-json\/wp\/v2\/posts\/74918\/revisions\/74920"}],"wp:featuredmedia":[{"embeddable":true,"href":"https:\/\/blogdoedvaldomagalhaes.com.br\/index.php\/wp-json\/wp\/v2\/media\/74919"}],"wp:attachment":[{"href":"https:\/\/blogdoedvaldomagalhaes.com.br\/index.php\/wp-json\/wp\/v2\/media?parent=74918"}],"wp:term":[{"taxonomy":"category","embeddable":true,"href":"https:\/\/blogdoedvaldomagalhaes.com.br\/index.php\/wp-json\/wp\/v2\/categories?post=74918"},{"taxonomy":"post_tag","embeddable":true,"href":"https:\/\/blogdoedvaldomagalhaes.com.br\/index.php\/wp-json\/wp\/v2\/tags?post=74918"}],"curies":[{"name":"wp","href":"https:\/\/api.w.org\/{rel}","templated":true}]}}