{"id":74912,"date":"2021-09-19T10:33:10","date_gmt":"2021-09-19T13:33:10","guid":{"rendered":"https:\/\/blogdoedvaldomagalhaes.com.br\/?p=74912"},"modified":"2021-09-19T21:03:39","modified_gmt":"2021-09-20T00:03:39","slug":"duplo-homicidio-e-tres-pessoas-baleadas-em-um-bar-em-caruaru","status":"publish","type":"post","link":"https:\/\/blogdoedvaldomagalhaes.com.br\/index.php\/2021\/09\/19\/duplo-homicidio-e-tres-pessoas-baleadas-em-um-bar-em-caruaru\/","title":{"rendered":"Duplo homic\u00eddio e quatro pessoas baleadas em um bar, em Caruaru"},"content":{"rendered":"<p style=\"text-align: justify;\">Um duplo assassinato aconteceu na madrugada deste domingo (19), em Caruaru, no Agreste de Pernambuco. Ao todo, cinco pessoas foram baleadas na Vila Campos, \u00e0s margens da BR-232, sentido S\u00e3o Caitano.<\/p>\n<p style=\"text-align: justify;\">De acordo com informa\u00e7\u00f5es de populares, dois homens chegaram em um carro e efetuaram v\u00e1rios tiros contra as pessoas que estavam em um bar. Francisco Joaquim da Silva, 47 anos, conhecido por Z\u00e9 do \u00d3leo, que morava na Vila Campos, morreu no interior do estabelecimento. J<span style=\"font-size: inherit;\">os\u00e9 Tiago da Silva, de 30 anos, que morava no Residencial Alto do Moura, foi baleado em um carro \u00e0s margens da rodovia e tamb\u00e9m faleceu. <\/span><\/p>\n<p style=\"text-align: justify;\"><span style=\"font-size: inherit;\">As outras quatro pessoas baleadas foram socorridas: Diego Jos\u00e9 Vale, <\/span><span style=\"font-size: inherit;\">de 20 anos; Erick Gon\u00e7alves Vieira,<\/span><span style=\"font-size: inherit;\"> de 25 anos; Alexsandro Souza Lacerda da Silva, <\/span><span style=\"font-size: inherit;\">de 15 anos e Nelson Ant\u00f4nio dos Santos, <\/span><span style=\"font-size: inherit;\">de 34 anos, que foram socorridos pelo SAMU e deram entrada no Hospital Regional do Agreste.<\/span><\/p>\n<p style=\"text-align: justify;\">O Delegado da For\u00e7a Tarefa de Homic\u00eddios, Elton Rodrigues, informou &#8220;a maioria das v\u00edtimas estava no bar, onde um indiv\u00edduo ainda n\u00e3o identificado estava bebendo e se desentendeu com um rapaz, esse indiv\u00edduo levou um soco do rapaz no rosto e disse que ia em casa e que iria voltar, ningu\u00e9m deu import\u00e2ncia, por\u00e9m, o indiv\u00edduo voltou em um ve\u00edculo Corolla de cor prata, acompanhado de dois comparsas, nisso, a pessoa\u00a0\u00a0que brigou com ele se evadiu e ele de posse de uma pistola ponto 40 efetuou v\u00e1rios disparos nos clientes do bar, o \u201cZ\u00e9 do \u00d3leo\u201d foi assassinado dentro do estabelecimento e as outras vitimas foram baleadas, os indiv\u00edduos ainda furtaram um ve\u00edculo Celta e o Jos\u00e9 Tiago que era evang\u00e9lico, estava passando no local e vendo a confus\u00e3o engatou marcha r\u00e9 no seu carro e tentou fugir, por\u00e9m, os elementos n\u00e3o quiseram saber e emparelharam um dos ve\u00edculos com ele e o mataram, ele ainda teve for\u00e7as para sair do seu carro&#8221; concluiu o delegado.<\/p>\n<p style=\"text-align: justify;\">Com este duplo homic\u00eddio, o n\u00famero de pessoas assassinadas em Caruaru subiu para\u00a0<strong>7<\/strong>\u00a0neste m\u00eas de setembro. De janeiro at\u00e9 agora s\u00e3o\u00a0<strong>80<\/strong>\u00a0homic\u00eddios.<\/p>\n<p>Por Helenivaldo Pereira.<\/p>\n\n\n<figure class=\"wp-block-image size-large\"><img loading=\"lazy\" decoding=\"async\" width=\"400\" height=\"309\" src=\"https:\/\/blogdoedvaldomagalhaes.com.br\/wp-content\/uploads\/2021\/09\/WhatsApp-Image-2021-09-19-at-10.28.15-1.jpeg\" alt=\"\" class=\"wp-image-74931\" srcset=\"https:\/\/blogdoedvaldomagalhaes.com.br\/wp-content\/uploads\/2021\/09\/WhatsApp-Image-2021-09-19-at-10.28.15-1.jpeg 400w, https:\/\/blogdoedvaldomagalhaes.com.br\/wp-content\/uploads\/2021\/09\/WhatsApp-Image-2021-09-19-at-10.28.15-1-300x232.jpeg 300w\" sizes=\"auto, (max-width: 400px) 100vw, 400px\" \/><figcaption>Francisco Joaquim da Silva (Z\u00e9 do \u00d3leo)<\/figcaption><\/figure>\n\n\n\n<figure class=\"wp-block-image size-large\"><img loading=\"lazy\" decoding=\"async\" width=\"156\" height=\"320\" src=\"https:\/\/blogdoedvaldomagalhaes.com.br\/wp-content\/uploads\/2021\/09\/Screenshot_20210919-123430_1.jpg\" alt=\"\" class=\"wp-image-74934\" srcset=\"https:\/\/blogdoedvaldomagalhaes.com.br\/wp-content\/uploads\/2021\/09\/Screenshot_20210919-123430_1.jpg 156w, https:\/\/blogdoedvaldomagalhaes.com.br\/wp-content\/uploads\/2021\/09\/Screenshot_20210919-123430_1-146x300.jpg 146w\" sizes=\"auto, (max-width: 156px) 100vw, 156px\" \/><figcaption>Jos\u00e9 Tiago<\/figcaption><\/figure>\n","protected":false},"excerpt":{"rendered":"<p>Um duplo assassinato aconteceu na madrugada deste domingo (19), em Caruaru, no Agreste de Pernambuco. Ao todo, cinco pessoas foram&hellip;<\/p>\n","protected":false},"author":1,"featured_media":74913,"comment_status":"open","ping_status":"open","sticky":false,"template":"","format":"standard","meta":{"footnotes":""},"categories":[14121],"tags":[2,19532,3406,22840],"class_list":["post-74912","post","type-post","status-publish","format-standard","has-post-thumbnail","hentry","category-policial","tag-blog-do-edvaldo-magalhaes","tag-blog-mais-acessado-e-visualizado-de-caruaru-e-regiao","tag-caruaru","tag-duplo-homicidio-e-tres-pessoas-baleadas-em-um-bar-em-caruaru"],"_links":{"self":[{"href":"https:\/\/blogdoedvaldomagalhaes.com.br\/index.php\/wp-json\/wp\/v2\/posts\/74912","targetHints":{"allow":["GET"]}}],"collection":[{"href":"https:\/\/blogdoedvaldomagalhaes.com.br\/index.php\/wp-json\/wp\/v2\/posts"}],"about":[{"href":"https:\/\/blogdoedvaldomagalhaes.com.br\/index.php\/wp-json\/wp\/v2\/types\/post"}],"author":[{"embeddable":true,"href":"https:\/\/blogdoedvaldomagalhaes.com.br\/index.php\/wp-json\/wp\/v2\/users\/1"}],"replies":[{"embeddable":true,"href":"https:\/\/blogdoedvaldomagalhaes.com.br\/index.php\/wp-json\/wp\/v2\/comments?post=74912"}],"version-history":[{"count":8,"href":"https:\/\/blogdoedvaldomagalhaes.com.br\/index.php\/wp-json\/wp\/v2\/posts\/74912\/revisions"}],"predecessor-version":[{"id":74959,"href":"https:\/\/blogdoedvaldomagalhaes.com.br\/index.php\/wp-json\/wp\/v2\/posts\/74912\/revisions\/74959"}],"wp:featuredmedia":[{"embeddable":true,"href":"https:\/\/blogdoedvaldomagalhaes.com.br\/index.php\/wp-json\/wp\/v2\/media\/74913"}],"wp:attachment":[{"href":"https:\/\/blogdoedvaldomagalhaes.com.br\/index.php\/wp-json\/wp\/v2\/media?parent=74912"}],"wp:term":[{"taxonomy":"category","embeddable":true,"href":"https:\/\/blogdoedvaldomagalhaes.com.br\/index.php\/wp-json\/wp\/v2\/categories?post=74912"},{"taxonomy":"post_tag","embeddable":true,"href":"https:\/\/blogdoedvaldomagalhaes.com.br\/index.php\/wp-json\/wp\/v2\/tags?post=74912"}],"curies":[{"name":"wp","href":"https:\/\/api.w.org\/{rel}","templated":true}]}}