{"id":74905,"date":"2021-09-19T10:08:26","date_gmt":"2021-09-19T13:08:26","guid":{"rendered":"https:\/\/blogdoedvaldomagalhaes.com.br\/?p=74905"},"modified":"2021-09-19T10:52:44","modified_gmt":"2021-09-19T13:52:44","slug":"dois-motoristas-morrem-apos-colisao-frontal-entre-carro-e-onibus-na-br-232-no-agreste-pe","status":"publish","type":"post","link":"https:\/\/blogdoedvaldomagalhaes.com.br\/index.php\/2021\/09\/19\/dois-motoristas-morrem-apos-colisao-frontal-entre-carro-e-onibus-na-br-232-no-agreste-pe\/","title":{"rendered":"Dois motoristas morrem, ap\u00f3s colis\u00e3o frontal entre carro e \u00f4nibus na BR 232, no Agreste-PE"},"content":{"rendered":"<p style=\"text-align: justify;\">O acidente ocorreu por volta das 3h da madrugada deste domingo (19), no Km 190 da BR 232, em Sanhar\u00f3. Foi uma colis\u00e3o frontal entre um carro (Prisma) e um \u00f4nibus. Pelos vest\u00edgios verificados no local pela Pol\u00edcia Rodovi\u00e1ria Federal (PRF), o motorista do carro entrou na contram\u00e3o da rodovia.<\/p>\n<p style=\"text-align: justify;\">O motorista do carro, de nome Marcone Pereira, de 56 anos, que fazia lota\u00e7\u00e3o de Belo Jardim para Caruaru, e o do \u00f4nibus, Emanuel Mathias, de 53, que residia em Campina Grande\/PB, faleceram no local.<\/p>\n<p style=\"text-align: justify;\">O \u00f4nibus havia sa\u00eddo de Iguatu, no Cear\u00e1, com destino a Recife.<\/p>\n<p style=\"text-align: justify;\">No carro estava apenas o motorista.<\/p>\n<p style=\"text-align: justify;\">De acordo com informa\u00e7\u00f5es colhidas no local, no \u00f4nibus havia o motorista e 33 passageiros. Nenhum passageiro ficou ferido.<\/p>\n<p style=\"text-align: justify;\">Al\u00e9m da PRF, o Corpo de Bombeiros, o SAMU, o Instituto de Criminal\u00edstica e a Pol\u00edcia Civil estiveram no local. A Pol\u00edcia Civil vai investigar o caso.<\/p>\n\n\n<figure class=\"wp-block-image size-large\"><img loading=\"lazy\" decoding=\"async\" width=\"1024\" height=\"569\" src=\"https:\/\/blogdoedvaldomagalhaes.com.br\/wp-content\/uploads\/2021\/09\/IMG-20210919-WA0021-1024x569.jpg\" alt=\"\" class=\"wp-image-74907\" srcset=\"https:\/\/blogdoedvaldomagalhaes.com.br\/wp-content\/uploads\/2021\/09\/IMG-20210919-WA0021-1024x569.jpg 1024w, https:\/\/blogdoedvaldomagalhaes.com.br\/wp-content\/uploads\/2021\/09\/IMG-20210919-WA0021-300x167.jpg 300w, https:\/\/blogdoedvaldomagalhaes.com.br\/wp-content\/uploads\/2021\/09\/IMG-20210919-WA0021-768x427.jpg 768w, https:\/\/blogdoedvaldomagalhaes.com.br\/wp-content\/uploads\/2021\/09\/IMG-20210919-WA0021-1536x853.jpg 1536w, https:\/\/blogdoedvaldomagalhaes.com.br\/wp-content\/uploads\/2021\/09\/IMG-20210919-WA0021.jpg 1600w\" sizes=\"auto, (max-width: 1024px) 100vw, 1024px\" \/><\/figure>\n\n\n\n<figure class=\"wp-block-image size-large\"><img loading=\"lazy\" decoding=\"async\" width=\"1024\" height=\"619\" src=\"https:\/\/blogdoedvaldomagalhaes.com.br\/wp-content\/uploads\/2021\/09\/IMG-20210919-WA0019-1024x619.jpg\" alt=\"\" class=\"wp-image-74908\" srcset=\"https:\/\/blogdoedvaldomagalhaes.com.br\/wp-content\/uploads\/2021\/09\/IMG-20210919-WA0019-1024x619.jpg 1024w, https:\/\/blogdoedvaldomagalhaes.com.br\/wp-content\/uploads\/2021\/09\/IMG-20210919-WA0019-300x181.jpg 300w, https:\/\/blogdoedvaldomagalhaes.com.br\/wp-content\/uploads\/2021\/09\/IMG-20210919-WA0019-768x464.jpg 768w, https:\/\/blogdoedvaldomagalhaes.com.br\/wp-content\/uploads\/2021\/09\/IMG-20210919-WA0019.jpg 1475w\" sizes=\"auto, (max-width: 1024px) 100vw, 1024px\" \/><\/figure>\n\n\n\n<figure class=\"wp-block-image size-large\"><img loading=\"lazy\" decoding=\"async\" width=\"1024\" height=\"577\" src=\"https:\/\/blogdoedvaldomagalhaes.com.br\/wp-content\/uploads\/2021\/09\/IMG-20210919-WA0005-1024x577.jpg\" alt=\"\" class=\"wp-image-74909\" srcset=\"https:\/\/blogdoedvaldomagalhaes.com.br\/wp-content\/uploads\/2021\/09\/IMG-20210919-WA0005-1024x577.jpg 1024w, https:\/\/blogdoedvaldomagalhaes.com.br\/wp-content\/uploads\/2021\/09\/IMG-20210919-WA0005-300x169.jpg 300w, https:\/\/blogdoedvaldomagalhaes.com.br\/wp-content\/uploads\/2021\/09\/IMG-20210919-WA0005-768x433.jpg 768w, https:\/\/blogdoedvaldomagalhaes.com.br\/wp-content\/uploads\/2021\/09\/IMG-20210919-WA0005-1536x866.jpg 1536w, https:\/\/blogdoedvaldomagalhaes.com.br\/wp-content\/uploads\/2021\/09\/IMG-20210919-WA0005-1140x641.jpg 1140w, https:\/\/blogdoedvaldomagalhaes.com.br\/wp-content\/uploads\/2021\/09\/IMG-20210919-WA0005-720x405.jpg 720w, https:\/\/blogdoedvaldomagalhaes.com.br\/wp-content\/uploads\/2021\/09\/IMG-20210919-WA0005.jpg 1600w\" sizes=\"auto, (max-width: 1024px) 100vw, 1024px\" \/><figcaption>Fotos: PRF\/Divulga\u00e7\u00e3o<\/figcaption><\/figure>\n","protected":false},"excerpt":{"rendered":"<p>O acidente ocorreu por volta das 3h da madrugada deste domingo (19), no Km 190 da BR 232, em Sanhar\u00f3.&hellip;<\/p>\n","protected":false},"author":1,"featured_media":74906,"comment_status":"open","ping_status":"open","sticky":false,"template":"","format":"standard","meta":{"footnotes":""},"categories":[14120],"tags":[2,19532,3406,22839],"class_list":["post-74905","post","type-post","status-publish","format-standard","has-post-thumbnail","hentry","category-noticias","tag-blog-do-edvaldo-magalhaes","tag-blog-mais-acessado-e-visualizado-de-caruaru-e-regiao","tag-caruaru","tag-dois-motoristas-morrem-apos-colisao-frontal-entre-carro-e-onibus-na-br-232-no-agreste-pe"],"_links":{"self":[{"href":"https:\/\/blogdoedvaldomagalhaes.com.br\/index.php\/wp-json\/wp\/v2\/posts\/74905","targetHints":{"allow":["GET"]}}],"collection":[{"href":"https:\/\/blogdoedvaldomagalhaes.com.br\/index.php\/wp-json\/wp\/v2\/posts"}],"about":[{"href":"https:\/\/blogdoedvaldomagalhaes.com.br\/index.php\/wp-json\/wp\/v2\/types\/post"}],"author":[{"embeddable":true,"href":"https:\/\/blogdoedvaldomagalhaes.com.br\/index.php\/wp-json\/wp\/v2\/users\/1"}],"replies":[{"embeddable":true,"href":"https:\/\/blogdoedvaldomagalhaes.com.br\/index.php\/wp-json\/wp\/v2\/comments?post=74905"}],"version-history":[{"count":4,"href":"https:\/\/blogdoedvaldomagalhaes.com.br\/index.php\/wp-json\/wp\/v2\/posts\/74905\/revisions"}],"predecessor-version":[{"id":74917,"href":"https:\/\/blogdoedvaldomagalhaes.com.br\/index.php\/wp-json\/wp\/v2\/posts\/74905\/revisions\/74917"}],"wp:featuredmedia":[{"embeddable":true,"href":"https:\/\/blogdoedvaldomagalhaes.com.br\/index.php\/wp-json\/wp\/v2\/media\/74906"}],"wp:attachment":[{"href":"https:\/\/blogdoedvaldomagalhaes.com.br\/index.php\/wp-json\/wp\/v2\/media?parent=74905"}],"wp:term":[{"taxonomy":"category","embeddable":true,"href":"https:\/\/blogdoedvaldomagalhaes.com.br\/index.php\/wp-json\/wp\/v2\/categories?post=74905"},{"taxonomy":"post_tag","embeddable":true,"href":"https:\/\/blogdoedvaldomagalhaes.com.br\/index.php\/wp-json\/wp\/v2\/tags?post=74905"}],"curies":[{"name":"wp","href":"https:\/\/api.w.org\/{rel}","templated":true}]}}