{"id":74885,"date":"2021-09-18T17:27:18","date_gmt":"2021-09-18T20:27:18","guid":{"rendered":"https:\/\/blogdoedvaldomagalhaes.com.br\/?p=74885"},"modified":"2021-09-18T19:40:02","modified_gmt":"2021-09-18T22:40:02","slug":"pernambuco-recebe-mais-de-270-mil-doses-de-vacinas-da-coronavac","status":"publish","type":"post","link":"https:\/\/blogdoedvaldomagalhaes.com.br\/index.php\/2021\/09\/18\/pernambuco-recebe-mais-de-270-mil-doses-de-vacinas-da-coronavac\/","title":{"rendered":"Pernambuco recebe mais de 270 mil doses de vacinas da Coronavac"},"content":{"rendered":"<p style=\"text-align: justify;\">Uma nova remessa de vacinas contra a Covid-19, da Coronavac\/Butantan, chegou a Pernambuco na manh\u00e3 deste s\u00e1bado (18.09). As 278.400 doses foram desembarcadas no Aeroporto Internacional do Recife\/Guararapes \u2013 Gilberto Freyre \u00e0s 10h e encaminhadas \u00e0 sede do Programa Estadual de Imuniza\u00e7\u00e3o (PNI-PE) para checagem, armazenamento e separa\u00e7\u00e3o por munic\u00edpio. Os imunizantes dever\u00e3o ser utilizados para aplica\u00e7\u00e3o de primeiras e segundas doses na popula\u00e7\u00e3o adulta, por faixa et\u00e1ria.<\/p>\n<p style=\"text-align: justify;\">De acordo com a superintendente de Imuniza\u00e7\u00f5es do Estado, Ana Catarina de Melo, a log\u00edstica de entrega \u00e0s Ger\u00eancias Regionais de Sa\u00fade (Geres) ocorrer\u00e1 ainda na tarde deste s\u00e1bado, a partir das 13h. \u201cVamos distribuir esses quantitativos ainda hoje para que as cidades possam avan\u00e7ar, ao longo da semana, nas suas respectivas campanhas de vacina\u00e7\u00e3o\u201d, afirmou a gestora.<\/p>\n<p style=\"text-align: justify;\">Desde o in\u00edcio da campanha, em janeiro deste ano, Pernambuco j\u00e1 recebeu 11.850.230 doses de vacinas contra a Covid-19. Desse total, foram 4.216.270 da Astrazeneca\/Oxford\/Fiocruz, 4.481.720 da Coronavac\/Butantan, 2.979.990 da Pfizer\/BioNTech e 172.250 da Janssen.<\/p>\n<p style=\"text-align: justify;\"><b><span lang=\"PT\">BALAN\u00c7O DA VACINA\u00c7\u00c3O &#8211;<\/span><\/b><span lang=\"PT\">\u00a0Pernambuco j\u00e1 aplicou 9.205.210 doses de vacinas contra a Covid-19 na sua popula\u00e7\u00e3o, desde o in\u00edcio da campanha de imuniza\u00e7\u00e3o no Estado (no dia 18 de janeiro de 2021).<\/span><\/p>\n<p style=\"text-align: justify;\"><span lang=\"PT\">Com rela\u00e7\u00e3o \u00e0s primeiras doses, foram 6.122.498 aplica\u00e7\u00f5es (cobertura de 73,66%). Do total, 3.082.712 pernambucanos (37,09%) j\u00e1 completaram seus esquemas vacinais, sendo 2.909.721 pessoas que foram vacinadas com imunizantes aplicados em duas doses e outros 172.991 pernambucanos que foram contemplados com vacina aplicada em dose \u00fanica.<\/span><\/p>\n","protected":false},"excerpt":{"rendered":"<p>Uma nova remessa de vacinas contra a Covid-19, da Coronavac\/Butantan, chegou a Pernambuco na manh\u00e3 deste s\u00e1bado (18.09). As 278.400&hellip;<\/p>\n","protected":false},"author":1,"featured_media":74886,"comment_status":"open","ping_status":"open","sticky":false,"template":"","format":"standard","meta":{"footnotes":""},"categories":[14120],"tags":[2,19532,3406,22836],"class_list":["post-74885","post","type-post","status-publish","format-standard","has-post-thumbnail","hentry","category-noticias","tag-blog-do-edvaldo-magalhaes","tag-blog-mais-acessado-e-visualizado-de-caruaru-e-regiao","tag-caruaru","tag-pernambuco-recebe-mais-de-270-mil-doses-de-vacinas-da-coronavac"],"_links":{"self":[{"href":"https:\/\/blogdoedvaldomagalhaes.com.br\/index.php\/wp-json\/wp\/v2\/posts\/74885","targetHints":{"allow":["GET"]}}],"collection":[{"href":"https:\/\/blogdoedvaldomagalhaes.com.br\/index.php\/wp-json\/wp\/v2\/posts"}],"about":[{"href":"https:\/\/blogdoedvaldomagalhaes.com.br\/index.php\/wp-json\/wp\/v2\/types\/post"}],"author":[{"embeddable":true,"href":"https:\/\/blogdoedvaldomagalhaes.com.br\/index.php\/wp-json\/wp\/v2\/users\/1"}],"replies":[{"embeddable":true,"href":"https:\/\/blogdoedvaldomagalhaes.com.br\/index.php\/wp-json\/wp\/v2\/comments?post=74885"}],"version-history":[{"count":2,"href":"https:\/\/blogdoedvaldomagalhaes.com.br\/index.php\/wp-json\/wp\/v2\/posts\/74885\/revisions"}],"predecessor-version":[{"id":74903,"href":"https:\/\/blogdoedvaldomagalhaes.com.br\/index.php\/wp-json\/wp\/v2\/posts\/74885\/revisions\/74903"}],"wp:featuredmedia":[{"embeddable":true,"href":"https:\/\/blogdoedvaldomagalhaes.com.br\/index.php\/wp-json\/wp\/v2\/media\/74886"}],"wp:attachment":[{"href":"https:\/\/blogdoedvaldomagalhaes.com.br\/index.php\/wp-json\/wp\/v2\/media?parent=74885"}],"wp:term":[{"taxonomy":"category","embeddable":true,"href":"https:\/\/blogdoedvaldomagalhaes.com.br\/index.php\/wp-json\/wp\/v2\/categories?post=74885"},{"taxonomy":"post_tag","embeddable":true,"href":"https:\/\/blogdoedvaldomagalhaes.com.br\/index.php\/wp-json\/wp\/v2\/tags?post=74885"}],"curies":[{"name":"wp","href":"https:\/\/api.w.org\/{rel}","templated":true}]}}