{"id":74882,"date":"2021-09-18T14:43:14","date_gmt":"2021-09-18T17:43:14","guid":{"rendered":"https:\/\/blogdoedvaldomagalhaes.com.br\/?p=74882"},"modified":"2021-09-18T14:43:15","modified_gmt":"2021-09-18T17:43:15","slug":"brecho-solidario-da-paroquia-nossa-senhora-das-gracas-em-caruaru-neste-domingo-19","status":"publish","type":"post","link":"https:\/\/blogdoedvaldomagalhaes.com.br\/index.php\/2021\/09\/18\/brecho-solidario-da-paroquia-nossa-senhora-das-gracas-em-caruaru-neste-domingo-19\/","title":{"rendered":"Brech\u00f3 Solid\u00e1rio da Par\u00f3quia Nossa Senhora das Gra\u00e7as em Caruaru neste domingo (19)"},"content":{"rendered":"<p style=\"text-align: justify;\"><span style=\"font-size: inherit;\">Ser\u00e1 realizado neste domingo (19), das 7h at\u00e9 \u00e0s 11h, no bairro Cidade Jardim, em Caruaru.<\/span><\/p>\n<p style=\"text-align: justify;\">O evento tem como proposta angariar recursos para a manuten\u00e7\u00e3o predial e organiza\u00e7\u00e3o pastoral quanto a Festa de Nossa Senhora das Gra\u00e7as neste ano.<\/p>\n<p style=\"text-align: justify;\">Seguindo todas as orienta\u00e7\u00f5es por conta da pandemia que modificou a rotina de toda Par\u00f3quia do bairro da Cidade Jardim seguiremos as regras estabelecidas nos Decretos Governamentais e da Diocese de Caruaru.<\/p>\n<p style=\"text-align: justify;\">Desta forma, para participar deste evento, \u00e9 s\u00f3 comparecer no Sal\u00e3o Paroquial no hor\u00e1rio e dia j\u00e1 mencionados.<\/p>\n<p style=\"text-align: justify;\">O Brech\u00f3 Solid\u00e1rio ser\u00e1 postado pelos canais oficiais da Paroquia: Facebook (https:\/\/www.facebook.com\/areapastoralnsg\/ Instagram (@paroquiadasgracas_cidadejardim) e Youtube no canal Par\u00f3quia Nossa Senhora Das Gra\u00e7as ( https:\/\/www.youtube.com\/channel\/UCOuRfU0XcUgpK3-NMx1LwRw ).<\/p>\n","protected":false},"excerpt":{"rendered":"<p>Ser\u00e1 realizado neste domingo (19), das 7h at\u00e9 \u00e0s 11h, no bairro Cidade Jardim, em Caruaru. O evento tem como&hellip;<\/p>\n","protected":false},"author":1,"featured_media":74883,"comment_status":"open","ping_status":"open","sticky":false,"template":"","format":"standard","meta":{"footnotes":""},"categories":[14120],"tags":[2,19532,22835,3406],"class_list":["post-74882","post","type-post","status-publish","format-standard","has-post-thumbnail","hentry","category-noticias","tag-blog-do-edvaldo-magalhaes","tag-blog-mais-acessado-e-visualizado-de-caruaru-e-regiao","tag-brecho-solidario-da-paroquia-nossa-senhora-das-gracas-em-caruaru-neste-domingo-19","tag-caruaru"],"_links":{"self":[{"href":"https:\/\/blogdoedvaldomagalhaes.com.br\/index.php\/wp-json\/wp\/v2\/posts\/74882","targetHints":{"allow":["GET"]}}],"collection":[{"href":"https:\/\/blogdoedvaldomagalhaes.com.br\/index.php\/wp-json\/wp\/v2\/posts"}],"about":[{"href":"https:\/\/blogdoedvaldomagalhaes.com.br\/index.php\/wp-json\/wp\/v2\/types\/post"}],"author":[{"embeddable":true,"href":"https:\/\/blogdoedvaldomagalhaes.com.br\/index.php\/wp-json\/wp\/v2\/users\/1"}],"replies":[{"embeddable":true,"href":"https:\/\/blogdoedvaldomagalhaes.com.br\/index.php\/wp-json\/wp\/v2\/comments?post=74882"}],"version-history":[{"count":1,"href":"https:\/\/blogdoedvaldomagalhaes.com.br\/index.php\/wp-json\/wp\/v2\/posts\/74882\/revisions"}],"predecessor-version":[{"id":74884,"href":"https:\/\/blogdoedvaldomagalhaes.com.br\/index.php\/wp-json\/wp\/v2\/posts\/74882\/revisions\/74884"}],"wp:featuredmedia":[{"embeddable":true,"href":"https:\/\/blogdoedvaldomagalhaes.com.br\/index.php\/wp-json\/wp\/v2\/media\/74883"}],"wp:attachment":[{"href":"https:\/\/blogdoedvaldomagalhaes.com.br\/index.php\/wp-json\/wp\/v2\/media?parent=74882"}],"wp:term":[{"taxonomy":"category","embeddable":true,"href":"https:\/\/blogdoedvaldomagalhaes.com.br\/index.php\/wp-json\/wp\/v2\/categories?post=74882"},{"taxonomy":"post_tag","embeddable":true,"href":"https:\/\/blogdoedvaldomagalhaes.com.br\/index.php\/wp-json\/wp\/v2\/tags?post=74882"}],"curies":[{"name":"wp","href":"https:\/\/api.w.org\/{rel}","templated":true}]}}