{"id":74879,"date":"2021-09-18T13:56:56","date_gmt":"2021-09-18T16:56:56","guid":{"rendered":"https:\/\/blogdoedvaldomagalhaes.com.br\/?p=74879"},"modified":"2021-09-18T13:56:57","modified_gmt":"2021-09-18T16:56:57","slug":"samu-agreste-participa-de-curso-de-formacao-para-atendimento-em-motolancias","status":"publish","type":"post","link":"https:\/\/blogdoedvaldomagalhaes.com.br\/index.php\/2021\/09\/18\/samu-agreste-participa-de-curso-de-formacao-para-atendimento-em-motolancias\/","title":{"rendered":"Samu Agreste participa de curso de forma\u00e7\u00e3o para atendimento em motol\u00e2ncias"},"content":{"rendered":"<p style=\"text-align: justify;\"><span style=\"font-size: inherit;\">As equipes do Servi\u00e7o de Atendimento M\u00f3vel de Urg\u00eancia (Samu Agreste) est\u00e3o participando de um Curso de Forma\u00e7\u00e3o do Grupo de Motol\u00e2ncia ao Atendimento de Urg\u00eancia (Gmau), que est\u00e1 sendo realizado em Gravat\u00e1. A capacita\u00e7\u00e3o teve in\u00edcio nesta sexta-feira (17) e segue at\u00e9 o domingo (19).<\/span><\/p>\n<p style=\"text-align: justify;\">O curso tem como objetivo aperfei\u00e7oar e ampliar o quadro dos profissionais do Samu que atuam nesse tipo de socorro e tem como foco as aulas te\u00f3ricas e pr\u00e1ticas de pilotagem e atendimento pr\u00e9-hospitalar.<\/p>\n<p style=\"text-align: justify;\">O coordenador do Samu Agreste, Pedro Henrique, fala sobre a import\u00e2ncia do curso para os profissionais. \u201cOs atendimentos realizados pelas motol\u00e2ncias s\u00e3o essenciais no resultado positivo das ocorr\u00eancias. Com elas, conseguimos chegar duas vezes mais r\u00e1pido e prestar socorro imediato, aumentando as chances de salvar vidas\u201d, disse.<\/p>\n<p style=\"text-align: justify;\">Atualmente, o Samu Agreste conta com duas motol\u00e2ncias e cinco ambul\u00e2ncias, sendo uma se suporte avan\u00e7ado. Quatro condutores das motol\u00e2ncias, t\u00e9cnicos em enfermagem, est\u00e3o participando da capacita\u00e7\u00e3o. \u201cAs motol\u00e2ncias atuam no socorro imediato em acidentes de tr\u00e2nsito com v\u00edtimas, pessoas com problemas cardiorrespirat\u00f3rios, situa\u00e7\u00f5es de intoxica\u00e7\u00e3o, de engasgos, trabalhos de parto com risco de morte, entre outras situa\u00e7\u00f5es graves. S\u00e3o determinantes para estabilizar o paciente at\u00e9 a ambul\u00e2ncia chegar\u201d, concluiu.<\/p>\n","protected":false},"excerpt":{"rendered":"<p>As equipes do Servi\u00e7o de Atendimento M\u00f3vel de Urg\u00eancia (Samu Agreste) est\u00e3o participando de um Curso de Forma\u00e7\u00e3o do Grupo&hellip;<\/p>\n","protected":false},"author":1,"featured_media":74880,"comment_status":"open","ping_status":"open","sticky":false,"template":"","format":"standard","meta":{"footnotes":""},"categories":[14120],"tags":[2,19532,3406,22834],"class_list":["post-74879","post","type-post","status-publish","format-standard","has-post-thumbnail","hentry","category-noticias","tag-blog-do-edvaldo-magalhaes","tag-blog-mais-acessado-e-visualizado-de-caruaru-e-regiao","tag-caruaru","tag-samu-agreste-participa-de-curso-de-formacao-para-atendimento-em-motolancias"],"_links":{"self":[{"href":"https:\/\/blogdoedvaldomagalhaes.com.br\/index.php\/wp-json\/wp\/v2\/posts\/74879","targetHints":{"allow":["GET"]}}],"collection":[{"href":"https:\/\/blogdoedvaldomagalhaes.com.br\/index.php\/wp-json\/wp\/v2\/posts"}],"about":[{"href":"https:\/\/blogdoedvaldomagalhaes.com.br\/index.php\/wp-json\/wp\/v2\/types\/post"}],"author":[{"embeddable":true,"href":"https:\/\/blogdoedvaldomagalhaes.com.br\/index.php\/wp-json\/wp\/v2\/users\/1"}],"replies":[{"embeddable":true,"href":"https:\/\/blogdoedvaldomagalhaes.com.br\/index.php\/wp-json\/wp\/v2\/comments?post=74879"}],"version-history":[{"count":1,"href":"https:\/\/blogdoedvaldomagalhaes.com.br\/index.php\/wp-json\/wp\/v2\/posts\/74879\/revisions"}],"predecessor-version":[{"id":74881,"href":"https:\/\/blogdoedvaldomagalhaes.com.br\/index.php\/wp-json\/wp\/v2\/posts\/74879\/revisions\/74881"}],"wp:featuredmedia":[{"embeddable":true,"href":"https:\/\/blogdoedvaldomagalhaes.com.br\/index.php\/wp-json\/wp\/v2\/media\/74880"}],"wp:attachment":[{"href":"https:\/\/blogdoedvaldomagalhaes.com.br\/index.php\/wp-json\/wp\/v2\/media?parent=74879"}],"wp:term":[{"taxonomy":"category","embeddable":true,"href":"https:\/\/blogdoedvaldomagalhaes.com.br\/index.php\/wp-json\/wp\/v2\/categories?post=74879"},{"taxonomy":"post_tag","embeddable":true,"href":"https:\/\/blogdoedvaldomagalhaes.com.br\/index.php\/wp-json\/wp\/v2\/tags?post=74879"}],"curies":[{"name":"wp","href":"https:\/\/api.w.org\/{rel}","templated":true}]}}