{"id":74874,"date":"2021-09-18T13:41:29","date_gmt":"2021-09-18T16:41:29","guid":{"rendered":"https:\/\/blogdoedvaldomagalhaes.com.br\/?p=74874"},"modified":"2021-09-18T13:49:29","modified_gmt":"2021-09-18T16:49:29","slug":"prf-intensifica-blitzes-educativas-na-semana-nacional-do-transito-em-pernambuco","status":"publish","type":"post","link":"https:\/\/blogdoedvaldomagalhaes.com.br\/index.php\/2021\/09\/18\/prf-intensifica-blitzes-educativas-na-semana-nacional-do-transito-em-pernambuco\/","title":{"rendered":"PRF intensifica blitzes educativas na Semana Nacional do Tr\u00e2nsito em Pernambuco"},"content":{"rendered":"<p style=\"text-align: justify;\"><span style=\"font-size: inherit;\">Com base no tema &#8220;No tr\u00e2nsito, sua responsabilidade salva vidas&#8221;, escolhido pelo Conselho Nacional de Tr\u00e2nsito (Contran), a Pol\u00edcia Rodovi\u00e1ria Federal (PRF) intensifica, entre os dias 18 a 25 de setembro, atividades de conscientiza\u00e7\u00e3o com condutores, passageiros, pedestres e ciclistas, em virtude da Semana Nacional do Tr\u00e2nsito 2021. As a\u00e7\u00f5es ser\u00e3o realizadas de forma presencial e atrav\u00e9s das redes sociais, a partir de blitzes educativas e de fiscaliza\u00e7\u00e3o, na Regi\u00e3o Metropolitana do Recife, no Agreste e no Sert\u00e3o de Pernambuco.<\/span><\/p>\n<p style=\"text-align: justify;\">Ao longo da semana,&nbsp;ser\u00e1 promovida uma campanha&nbsp;nas redes sociais&nbsp;com o tema \u201cCompartilhe o Tr\u00e2nsito\u201d, realizadas&nbsp;videoconfer\u00eancias sobre seguran\u00e7a&nbsp;vi\u00e1ria, al\u00e9m de&nbsp;serem desenvolvidas blitzes&nbsp;pelas Delegacias&nbsp;da PRF&nbsp;em Pernambuco,&nbsp;visando a fiscaliza\u00e7\u00e3o e orienta\u00e7\u00f5es quantos \u00e0s condutas que colocam em risco vidas no tr\u00e2nsito.&nbsp;Uma das novidades este ano \u00e9 o Cinema Drive-In, que ser\u00e1 direcionado a quem trafega pela BR 101 Norte, e ocorrer\u00e1 na sexta-feira(22),&nbsp;na Unidade Operacional de Igarassu,&nbsp;das 13h \u00e0s 20h.<\/p>\n<p style=\"text-align: justify;\">As blitzes ter\u00e3o como foco o perigo da embriaguez ao volante, a import\u00e2ncia dos equipamentos de seguran\u00e7a, a condu\u00e7\u00e3o correta de motocicletas, o risco do uso do celular na dire\u00e7\u00e3o e outros temas. Durante as abordagens, os motoristas ter\u00e3o acesso a v\u00eddeos transmitidos a partir de um QR Code, uma esp\u00e9cie de c\u00f3digo de barras, para assistir a v\u00eddeos sobre dire\u00e7\u00e3o defensiva, cuidados com pneus, uso do cinto de seguran\u00e7a, cadeirinha e capacete. Vale destacar ainda que a PRF ir\u00e1 lan\u00e7ar o \u201cAtlas da D\u00e9cada de A\u00e7\u00f5es para Seguran\u00e7a Vi\u00e1ria\u201d, nos canais oficiais do \u00f3rg\u00e3o.<\/p>\n<p style=\"text-align: justify;\">As a\u00e7\u00f5es ocorrem de forma integrada com o Departamento Estadual de Tr\u00e2nsito (Detran), Pol\u00edcia Militar (PM), Opera\u00e7\u00e3o Lei Seca (OLS), Batalh\u00e3o de Pol\u00edcia Rodovi\u00e1ria (BPRv), Batalh\u00e3o de Tr\u00e2nsito (BPTran) e secretarias municipais de tr\u00e2nsito.<\/p>\n\n\n<figure class=\"wp-block-image size-large\"><img loading=\"lazy\" decoding=\"async\" width=\"1024\" height=\"823\" src=\"https:\/\/blogdoedvaldomagalhaes.com.br\/wp-content\/uploads\/2021\/09\/IMG-20210918-WA0031-1024x823.jpg\" alt=\"\" class=\"wp-image-74877\" srcset=\"https:\/\/blogdoedvaldomagalhaes.com.br\/wp-content\/uploads\/2021\/09\/IMG-20210918-WA0031-1024x823.jpg 1024w, https:\/\/blogdoedvaldomagalhaes.com.br\/wp-content\/uploads\/2021\/09\/IMG-20210918-WA0031-300x241.jpg 300w, https:\/\/blogdoedvaldomagalhaes.com.br\/wp-content\/uploads\/2021\/09\/IMG-20210918-WA0031-768x617.jpg 768w, https:\/\/blogdoedvaldomagalhaes.com.br\/wp-content\/uploads\/2021\/09\/IMG-20210918-WA0031.jpg 1079w\" sizes=\"auto, (max-width: 1024px) 100vw, 1024px\" \/><figcaption>Fotos: PRF\/Divulga\u00e7\u00e3o<\/figcaption><\/figure>\n","protected":false},"excerpt":{"rendered":"<p>Com base no tema &#8220;No tr\u00e2nsito, sua responsabilidade salva vidas&#8221;, escolhido pelo Conselho Nacional de Tr\u00e2nsito (Contran), a Pol\u00edcia Rodovi\u00e1ria&hellip;<\/p>\n","protected":false},"author":1,"featured_media":74875,"comment_status":"open","ping_status":"open","sticky":false,"template":"","format":"standard","meta":{"footnotes":""},"categories":[14120],"tags":[2,19532,3406,22833],"class_list":["post-74874","post","type-post","status-publish","format-standard","has-post-thumbnail","hentry","category-noticias","tag-blog-do-edvaldo-magalhaes","tag-blog-mais-acessado-e-visualizado-de-caruaru-e-regiao","tag-caruaru","tag-prf-intensifica-blitzes-educativas-na-semana-nacional-do-transito-em-pernambuco"],"_links":{"self":[{"href":"https:\/\/blogdoedvaldomagalhaes.com.br\/index.php\/wp-json\/wp\/v2\/posts\/74874","targetHints":{"allow":["GET"]}}],"collection":[{"href":"https:\/\/blogdoedvaldomagalhaes.com.br\/index.php\/wp-json\/wp\/v2\/posts"}],"about":[{"href":"https:\/\/blogdoedvaldomagalhaes.com.br\/index.php\/wp-json\/wp\/v2\/types\/post"}],"author":[{"embeddable":true,"href":"https:\/\/blogdoedvaldomagalhaes.com.br\/index.php\/wp-json\/wp\/v2\/users\/1"}],"replies":[{"embeddable":true,"href":"https:\/\/blogdoedvaldomagalhaes.com.br\/index.php\/wp-json\/wp\/v2\/comments?post=74874"}],"version-history":[{"count":2,"href":"https:\/\/blogdoedvaldomagalhaes.com.br\/index.php\/wp-json\/wp\/v2\/posts\/74874\/revisions"}],"predecessor-version":[{"id":74878,"href":"https:\/\/blogdoedvaldomagalhaes.com.br\/index.php\/wp-json\/wp\/v2\/posts\/74874\/revisions\/74878"}],"wp:featuredmedia":[{"embeddable":true,"href":"https:\/\/blogdoedvaldomagalhaes.com.br\/index.php\/wp-json\/wp\/v2\/media\/74875"}],"wp:attachment":[{"href":"https:\/\/blogdoedvaldomagalhaes.com.br\/index.php\/wp-json\/wp\/v2\/media?parent=74874"}],"wp:term":[{"taxonomy":"category","embeddable":true,"href":"https:\/\/blogdoedvaldomagalhaes.com.br\/index.php\/wp-json\/wp\/v2\/categories?post=74874"},{"taxonomy":"post_tag","embeddable":true,"href":"https:\/\/blogdoedvaldomagalhaes.com.br\/index.php\/wp-json\/wp\/v2\/tags?post=74874"}],"curies":[{"name":"wp","href":"https:\/\/api.w.org\/{rel}","templated":true}]}}