{"id":74869,"date":"2021-09-18T12:51:56","date_gmt":"2021-09-18T15:51:56","guid":{"rendered":"https:\/\/blogdoedvaldomagalhaes.com.br\/?p=74869"},"modified":"2021-09-18T12:51:58","modified_gmt":"2021-09-18T15:51:58","slug":"santuario-da-graca-em-caruaru-e-alvo-de-furto-pela-5a-vez","status":"publish","type":"post","link":"https:\/\/blogdoedvaldomagalhaes.com.br\/index.php\/2021\/09\/18\/santuario-da-graca-em-caruaru-e-alvo-de-furto-pela-5a-vez\/","title":{"rendered":"Santu\u00e1rio da Gra\u00e7a, em Caruaru, \u00e9 alvo de furto pela 5\u00aa vez"},"content":{"rendered":"<p style=\"text-align: justify;\">A Par\u00f3quia S\u00e3o Jos\u00e9, em Caruaru, informa que o Santu\u00e1rio da Gra\u00e7a foi furtado pela 5\u00aa vez. A invas\u00e3o mais recente aconteceu neste s\u00e1bado (18), por volta das 7h. Nossas c\u00e2meras de seguran\u00e7a registraram a maldade de dois homens, que furtaram a bomba de \u00e1gua.<\/p>\n<p style=\"text-align: justify;\">Informamos que, mais uma vez, procuramos a pol\u00edcia para registrar um boletim de ocorr\u00eancia. Todas as medidas para refor\u00e7ar a seguran\u00e7a do nosso espa\u00e7o sagrado j\u00e1 foram tomadas. Nos roubos anteriores, os ladr\u00f5es levaram caixas de som, fios e cabos.<\/p>\n<p style=\"text-align: justify;\">Apesar de mais uma situa\u00e7\u00e3o constrangedora, a nossa f\u00e9 n\u00e3o \u00e9 abalada. Seguimos firmes com o Santu\u00e1rio da Gra\u00e7a, lugar de milagres diante da Palavra de Deus.<\/p>\n\n\n<figure class=\"wp-block-image size-large\"><img loading=\"lazy\" decoding=\"async\" width=\"498\" height=\"1024\" src=\"https:\/\/blogdoedvaldomagalhaes.com.br\/wp-content\/uploads\/2021\/09\/IMG-20210918-WA0107-498x1024.jpg\" alt=\"\" class=\"wp-image-74871\" srcset=\"https:\/\/blogdoedvaldomagalhaes.com.br\/wp-content\/uploads\/2021\/09\/IMG-20210918-WA0107-498x1024.jpg 498w, https:\/\/blogdoedvaldomagalhaes.com.br\/wp-content\/uploads\/2021\/09\/IMG-20210918-WA0107-146x300.jpg 146w, https:\/\/blogdoedvaldomagalhaes.com.br\/wp-content\/uploads\/2021\/09\/IMG-20210918-WA0107-768x1580.jpg 768w, https:\/\/blogdoedvaldomagalhaes.com.br\/wp-content\/uploads\/2021\/09\/IMG-20210918-WA0107-746x1536.jpg 746w, https:\/\/blogdoedvaldomagalhaes.com.br\/wp-content\/uploads\/2021\/09\/IMG-20210918-WA0107.jpg 777w\" sizes=\"auto, (max-width: 498px) 100vw, 498px\" \/><figcaption>Imagens de c\u00e2mera de monitoramento <\/figcaption><\/figure>\n","protected":false},"excerpt":{"rendered":"<p>A Par\u00f3quia S\u00e3o Jos\u00e9, em Caruaru, informa que o Santu\u00e1rio da Gra\u00e7a foi furtado pela 5\u00aa vez. A invas\u00e3o mais&hellip;<\/p>\n","protected":false},"author":1,"featured_media":74870,"comment_status":"open","ping_status":"open","sticky":false,"template":"","format":"standard","meta":{"footnotes":""},"categories":[14121],"tags":[2,19532,3406,22832],"class_list":["post-74869","post","type-post","status-publish","format-standard","has-post-thumbnail","hentry","category-policial","tag-blog-do-edvaldo-magalhaes","tag-blog-mais-acessado-e-visualizado-de-caruaru-e-regiao","tag-caruaru","tag-santuario-da-graca-em-caruaru-e-alvo-de-furto-pela-5a-vez"],"_links":{"self":[{"href":"https:\/\/blogdoedvaldomagalhaes.com.br\/index.php\/wp-json\/wp\/v2\/posts\/74869","targetHints":{"allow":["GET"]}}],"collection":[{"href":"https:\/\/blogdoedvaldomagalhaes.com.br\/index.php\/wp-json\/wp\/v2\/posts"}],"about":[{"href":"https:\/\/blogdoedvaldomagalhaes.com.br\/index.php\/wp-json\/wp\/v2\/types\/post"}],"author":[{"embeddable":true,"href":"https:\/\/blogdoedvaldomagalhaes.com.br\/index.php\/wp-json\/wp\/v2\/users\/1"}],"replies":[{"embeddable":true,"href":"https:\/\/blogdoedvaldomagalhaes.com.br\/index.php\/wp-json\/wp\/v2\/comments?post=74869"}],"version-history":[{"count":1,"href":"https:\/\/blogdoedvaldomagalhaes.com.br\/index.php\/wp-json\/wp\/v2\/posts\/74869\/revisions"}],"predecessor-version":[{"id":74872,"href":"https:\/\/blogdoedvaldomagalhaes.com.br\/index.php\/wp-json\/wp\/v2\/posts\/74869\/revisions\/74872"}],"wp:featuredmedia":[{"embeddable":true,"href":"https:\/\/blogdoedvaldomagalhaes.com.br\/index.php\/wp-json\/wp\/v2\/media\/74870"}],"wp:attachment":[{"href":"https:\/\/blogdoedvaldomagalhaes.com.br\/index.php\/wp-json\/wp\/v2\/media?parent=74869"}],"wp:term":[{"taxonomy":"category","embeddable":true,"href":"https:\/\/blogdoedvaldomagalhaes.com.br\/index.php\/wp-json\/wp\/v2\/categories?post=74869"},{"taxonomy":"post_tag","embeddable":true,"href":"https:\/\/blogdoedvaldomagalhaes.com.br\/index.php\/wp-json\/wp\/v2\/tags?post=74869"}],"curies":[{"name":"wp","href":"https:\/\/api.w.org\/{rel}","templated":true}]}}