{"id":74864,"date":"2021-09-17T21:40:57","date_gmt":"2021-09-18T00:40:57","guid":{"rendered":"https:\/\/blogdoedvaldomagalhaes.com.br\/?p=74864"},"modified":"2021-09-17T21:46:08","modified_gmt":"2021-09-18T00:46:08","slug":"bebe-diagnosticado-com-doenca-rara-e-sem-cura-precisa-de-ajuda-em-caruaru","status":"publish","type":"post","link":"https:\/\/blogdoedvaldomagalhaes.com.br\/index.php\/2021\/09\/17\/bebe-diagnosticado-com-doenca-rara-e-sem-cura-precisa-de-ajuda-em-caruaru\/","title":{"rendered":"Beb\u00ea diagnosticado com doen\u00e7a rara e sem cura precisa de ajuda em Caruaru"},"content":{"rendered":"<p style=\"text-align: justify;\">O atrito causado por um cal\u00e7ado errado, caminhar demais ou submeter p\u00e9s e m\u00e3os a umidade extrema e sujeiras pode causar o surgimento de calos e bolhas. Esses problemas tamb\u00e9m podem ser causados por alergias, doen\u00e7as autoimunes e outros tipos de complica\u00e7\u00f5es.<\/p>\n<p style=\"text-align: justify;\">Se tem uma coisa que d\u00f3i, incomoda e pode tirar nossa paci\u00eancia, concentra\u00e7\u00e3o e eleg\u00e2ncia, s\u00e3o os calos e bolhas, a parte boa, \u00e9 que elas somem entre 7 a 21 dias ap\u00f3s o seu surgimento. Agora imagine que voc\u00ea \u00e9 um beb\u00ea de 1 ano e 4 meses, que tem que conviver todo dia desde o nascimento com bolhas de tamanhos e profundidades variadas, que se encontram espalhadas por todo o corpo, interna e externamente, e o pior, elas doem, muito, e n\u00e3o tem prazo de validade.<\/p>\n<p style=\"text-align: justify;\">Isso \u00e9 o que o pequeno caruaruense Lucas Gabriel tem que lutar desde seu primeiro sopro de vida, diagnosticado com uma rara doen\u00e7a autoimune chamada \u201cEpidermolise Bolhosa\u201d Lucas se encontra em uma situa\u00e7\u00e3o que precisa da ajuda de todos para poder aguentar de forma menos dolorosa essa doen\u00e7a que ainda n\u00e3o tem cura.<\/p>\n\n\n<figure class=\"wp-block-image size-large\"><img loading=\"lazy\" decoding=\"async\" width=\"1024\" height=\"1024\" src=\"https:\/\/blogdoedvaldomagalhaes.com.br\/wp-content\/uploads\/2021\/09\/WhatsApp-Image-2021-09-16-at-09.39.02-1024x1024-1.jpeg\" alt=\"\" class=\"wp-image-74867\" srcset=\"https:\/\/blogdoedvaldomagalhaes.com.br\/wp-content\/uploads\/2021\/09\/WhatsApp-Image-2021-09-16-at-09.39.02-1024x1024-1.jpeg 1024w, https:\/\/blogdoedvaldomagalhaes.com.br\/wp-content\/uploads\/2021\/09\/WhatsApp-Image-2021-09-16-at-09.39.02-1024x1024-1-300x300.jpeg 300w, https:\/\/blogdoedvaldomagalhaes.com.br\/wp-content\/uploads\/2021\/09\/WhatsApp-Image-2021-09-16-at-09.39.02-1024x1024-1-150x150.jpeg 150w, https:\/\/blogdoedvaldomagalhaes.com.br\/wp-content\/uploads\/2021\/09\/WhatsApp-Image-2021-09-16-at-09.39.02-1024x1024-1-768x768.jpeg 768w\" sizes=\"auto, (max-width: 1024px) 100vw, 1024px\" \/><\/figure>\n\n\n<p style=\"text-align: justify;\">Epiderm\u00f3lise bolhosa \u00e9 o nome que se d\u00e1 a um grupo de doen\u00e7as n\u00e3o contagiosas de pele, de car\u00e1ter gen\u00e9tico e heredit\u00e1rio. A principal caracter\u00edstica da forma cong\u00eanita \u00e9 o aparecimento de bolhas, especialmente nas \u00e1reas de maior atrito, e nas mucosas, as les\u00f5es profundas podem produzir cicatrizes semelhantes \u00e0s das queimaduras.<\/p>\n<p style=\"text-align: justify;\">Nos portadores da doen\u00e7a, as bolhas podem estar presentes em certas \u00e1reas do corpo desde o nascimento, ou podem aparecer logo depois em regi\u00f5es que sofreram press\u00e3o ou trauma, ainda que leve. As formas da doen\u00e7a podem variar entre leve a potencialmente fatal, h\u00e1 casos at\u00e9, de crian\u00e7as que nascem sem pele em algumas partes do corpo, o que favorece o risco de infec\u00e7\u00f5es e sepse.<\/p>\n<p style=\"text-align: justify;\">O diagn\u00f3stico \u00e9 por bi\u00f3psia da pele, imunofluoresc\u00eancia ou microscopia eletr\u00f4nica de transmiss\u00e3o e an\u00e1lise gen\u00e9tica. O tratamento \u00e9 de suporte, sendo necess\u00e1ria a participa\u00e7\u00e3o de uma equipe multidisciplinar especializada nos casos graves.<\/p>\n<p style=\"text-align: justify;\">Ainda n\u00e3o existe uma cura para a doen\u00e7a, por\u00e9m, existem formas de cuidados e tratamentos para que o paciente sofra menos com ela, estes tratamentos e cuidados s\u00e3o caros. Lucas necessita al\u00e9m das despesas e cuidados b\u00e1sicos tradicionais, de cremes e dietas especiais, sem falar de curativos espec\u00edficos que se encontram no mercado pelo valor de R$ 400 a R$ 500 uma caixa com 10 unidades.<\/p>\n<p style=\"text-align: justify;\">A fam\u00edlia de Lucas Gabriel pede que quem puder ajude-o, pois o estado n\u00e3o tem cumprido a limiar da justi\u00e7a que o obriga a arcar com os custos dos curativos. Sendo assim, ele vem sofrendo a muito tempo com a doen\u00e7a e n\u00e3o tem condi\u00e7\u00f5es de arcar sozinho com as despesas de seu tratamento. Aos que puderem ajudar, o meio de contato e informa\u00e7\u00f5es \u00e9 o Instagram: @lucasbebeborboleta.<\/p>\n<p style=\"text-align: justify;\">As contas para doa\u00e7\u00f5es destinadas a Lucas Gabriel s\u00e3o:<br \/>\u2013 Ag 0001 \/ CC 79732227-0 \/ Banco 0260 Nu Pagamentos S.A \/ Lionara Cibeli Pontes Bezerra<\/p>\n<p style=\"text-align: justify;\">\u2013 Ag 0321 \/ CC 111535-9 \/ CPF:139.551.554.98 \/ Alexsandro da Silva Moura<\/p>","protected":false},"excerpt":{"rendered":"<p>O atrito causado por um cal\u00e7ado errado, caminhar demais ou submeter p\u00e9s e m\u00e3os a umidade extrema e sujeiras pode&hellip;<\/p>\n","protected":false},"author":1,"featured_media":74865,"comment_status":"open","ping_status":"open","sticky":false,"template":"","format":"standard","meta":{"footnotes":""},"categories":[14120],"tags":[22831,2,19532,3406],"class_list":["post-74864","post","type-post","status-publish","format-standard","has-post-thumbnail","hentry","category-noticias","tag-bebe-diagnosticado-com-doenca-rara-e-sem-cura-precisa-de-ajuda-em-caruaru","tag-blog-do-edvaldo-magalhaes","tag-blog-mais-acessado-e-visualizado-de-caruaru-e-regiao","tag-caruaru"],"_links":{"self":[{"href":"https:\/\/blogdoedvaldomagalhaes.com.br\/index.php\/wp-json\/wp\/v2\/posts\/74864","targetHints":{"allow":["GET"]}}],"collection":[{"href":"https:\/\/blogdoedvaldomagalhaes.com.br\/index.php\/wp-json\/wp\/v2\/posts"}],"about":[{"href":"https:\/\/blogdoedvaldomagalhaes.com.br\/index.php\/wp-json\/wp\/v2\/types\/post"}],"author":[{"embeddable":true,"href":"https:\/\/blogdoedvaldomagalhaes.com.br\/index.php\/wp-json\/wp\/v2\/users\/1"}],"replies":[{"embeddable":true,"href":"https:\/\/blogdoedvaldomagalhaes.com.br\/index.php\/wp-json\/wp\/v2\/comments?post=74864"}],"version-history":[{"count":2,"href":"https:\/\/blogdoedvaldomagalhaes.com.br\/index.php\/wp-json\/wp\/v2\/posts\/74864\/revisions"}],"predecessor-version":[{"id":74868,"href":"https:\/\/blogdoedvaldomagalhaes.com.br\/index.php\/wp-json\/wp\/v2\/posts\/74864\/revisions\/74868"}],"wp:featuredmedia":[{"embeddable":true,"href":"https:\/\/blogdoedvaldomagalhaes.com.br\/index.php\/wp-json\/wp\/v2\/media\/74865"}],"wp:attachment":[{"href":"https:\/\/blogdoedvaldomagalhaes.com.br\/index.php\/wp-json\/wp\/v2\/media?parent=74864"}],"wp:term":[{"taxonomy":"category","embeddable":true,"href":"https:\/\/blogdoedvaldomagalhaes.com.br\/index.php\/wp-json\/wp\/v2\/categories?post=74864"},{"taxonomy":"post_tag","embeddable":true,"href":"https:\/\/blogdoedvaldomagalhaes.com.br\/index.php\/wp-json\/wp\/v2\/tags?post=74864"}],"curies":[{"name":"wp","href":"https:\/\/api.w.org\/{rel}","templated":true}]}}