{"id":74847,"date":"2021-09-17T18:12:50","date_gmt":"2021-09-17T21:12:50","guid":{"rendered":"https:\/\/blogdoedvaldomagalhaes.com.br\/?p=74847"},"modified":"2021-09-17T18:30:22","modified_gmt":"2021-09-17T21:30:22","slug":"vacinacao-contra-covid-19-na-via-parque-em-caruaru-sabado-18-e-domingo-19","status":"publish","type":"post","link":"https:\/\/blogdoedvaldomagalhaes.com.br\/index.php\/2021\/09\/17\/vacinacao-contra-covid-19-na-via-parque-em-caruaru-sabado-18-e-domingo-19\/","title":{"rendered":"Vacina\u00e7\u00e3o contra covid-19 na Via Parque em Caruaru s\u00e1bado (18) e domingo (19)"},"content":{"rendered":"<p style=\"text-align: justify;\"><span style=\"font-size: inherit;\">A Secretaria de Sa\u00fade de Caruaru, promove nos dias 18 e 19 de setembro, s\u00e1bado e domingo, das 8h \u00e0s 16h, uma a\u00e7\u00e3o de vacina\u00e7\u00e3o na Via Parque, em frente ao INSS, no Bairro Divin\u00f3polis. O objetivo \u00e9 realizar a imuniza\u00e7\u00e3o da 1\u00aa dose (D1) no p\u00fablico a partir dos 12 anos e a 2\u00aa dose (D2) das pessoas que ainda n\u00e3o completaram o esquema vacinal.<\/span><\/p>\n<p style=\"text-align: justify;\">Para receber a dose n\u00e3o precisa de agendamento. Basta comparecer ao local da a\u00e7\u00e3o com a documenta\u00e7\u00e3o necess\u00e1ria: documento oficial com foto, c\u00f3pia do CPF ou Cart\u00e3o Nacional do Sus (CNS) e comprovante de resid\u00eancia. J\u00e1 as pessoas que ir\u00e3o tomar a D2, devem levar, tamb\u00e9m, o cart\u00e3o de vacina\u00e7\u00e3o constando a D1.<\/p>\n<p style=\"text-align: justify;\">Os adolescentes devem ir se vacinar acompanhados dos pais ou respons\u00e1veis. Aqueles que necessitem ir desacompanhados precisam apresentar uma declara\u00e7\u00e3o assinada pelo respons\u00e1vel. O documento est\u00e1 dispon\u00edvel para download no site Vacina Caruaru.<\/p>\n<p style=\"text-align: justify;\"><span style=\"font-size: inherit;\">A Secretaria de Sa\u00fade, cumprindo a recomenda\u00e7\u00e3o do Comit\u00ea T\u00e9cnico Estadual para Acompanhamento da Vacina\u00e7\u00e3o da Secretaria Estadual de Sa\u00fade (SES-PE), decidiu manter a vacina\u00e7\u00e3o de adolescentes no munic\u00edpio.<\/span><\/p>\n<p style=\"text-align: justify;\">A decis\u00e3o aconteceu ap\u00f3s reuni\u00e3o do Comit\u00ea T\u00e9cnico Estadual, realizada na manh\u00e3 desta sexta-feira (17), que entendeu, por unanimidade, manter a vacina\u00e7\u00e3o contra a Covid-19 em adolescentes no Estado de Pernambuco. A defini\u00e7\u00e3o foi baseada pelas an\u00e1lises t\u00e9cnicas e cient\u00edficas da Ag\u00eancia Nacional de Vigil\u00e2ncia Sanit\u00e1ria (Anvisa), da Sociedade Brasileira de Imuniza\u00e7\u00f5es (Sibim) e da Sociedade Brasileira de Pediatria (SBP).<\/p>\n<p style=\"text-align: justify;\">Em Caruaru, a vacina\u00e7\u00e3o do p\u00fablico acima de 12 anos teve in\u00edcio na \u00faltima ter\u00e7a-feira (14), e vem sendo realizada com o imunizante Pfizer\/BionTech, o \u00fanico aprovado para maiores de 12 anos.<\/p>\n<p style=\"text-align: justify;\">A vacina\u00e7\u00e3o de adolescentes entre 12 e 17 anos, que apresentam defici\u00eancia permanente, comorbidades ou que estejam privados da liberdade, tamb\u00e9m segue normalmente.<\/p>\n<p style=\"text-align: justify;\">Foto: Edmilson Tanaka.<\/p>\n","protected":false},"excerpt":{"rendered":"<p>A Secretaria de Sa\u00fade de Caruaru, promove nos dias 18 e 19 de setembro, s\u00e1bado e domingo, das 8h \u00e0s&hellip;<\/p>\n","protected":false},"author":1,"featured_media":74848,"comment_status":"open","ping_status":"open","sticky":false,"template":"","format":"standard","meta":{"footnotes":""},"categories":[14120],"tags":[2,19532,3406,17559,19670,22827],"class_list":["post-74847","post","type-post","status-publish","format-standard","has-post-thumbnail","hentry","category-noticias","tag-blog-do-edvaldo-magalhaes","tag-blog-mais-acessado-e-visualizado-de-caruaru-e-regiao","tag-caruaru","tag-covid-19","tag-novo-coronavirus","tag-vacinacao-contra-covid-19-na-via-parque-em-caruaru-sabado-18-e-domingo-19"],"_links":{"self":[{"href":"https:\/\/blogdoedvaldomagalhaes.com.br\/index.php\/wp-json\/wp\/v2\/posts\/74847","targetHints":{"allow":["GET"]}}],"collection":[{"href":"https:\/\/blogdoedvaldomagalhaes.com.br\/index.php\/wp-json\/wp\/v2\/posts"}],"about":[{"href":"https:\/\/blogdoedvaldomagalhaes.com.br\/index.php\/wp-json\/wp\/v2\/types\/post"}],"author":[{"embeddable":true,"href":"https:\/\/blogdoedvaldomagalhaes.com.br\/index.php\/wp-json\/wp\/v2\/users\/1"}],"replies":[{"embeddable":true,"href":"https:\/\/blogdoedvaldomagalhaes.com.br\/index.php\/wp-json\/wp\/v2\/comments?post=74847"}],"version-history":[{"count":2,"href":"https:\/\/blogdoedvaldomagalhaes.com.br\/index.php\/wp-json\/wp\/v2\/posts\/74847\/revisions"}],"predecessor-version":[{"id":74851,"href":"https:\/\/blogdoedvaldomagalhaes.com.br\/index.php\/wp-json\/wp\/v2\/posts\/74847\/revisions\/74851"}],"wp:featuredmedia":[{"embeddable":true,"href":"https:\/\/blogdoedvaldomagalhaes.com.br\/index.php\/wp-json\/wp\/v2\/media\/74848"}],"wp:attachment":[{"href":"https:\/\/blogdoedvaldomagalhaes.com.br\/index.php\/wp-json\/wp\/v2\/media?parent=74847"}],"wp:term":[{"taxonomy":"category","embeddable":true,"href":"https:\/\/blogdoedvaldomagalhaes.com.br\/index.php\/wp-json\/wp\/v2\/categories?post=74847"},{"taxonomy":"post_tag","embeddable":true,"href":"https:\/\/blogdoedvaldomagalhaes.com.br\/index.php\/wp-json\/wp\/v2\/tags?post=74847"}],"curies":[{"name":"wp","href":"https:\/\/api.w.org\/{rel}","templated":true}]}}