{"id":74830,"date":"2021-09-17T12:30:20","date_gmt":"2021-09-17T15:30:20","guid":{"rendered":"https:\/\/blogdoedvaldomagalhaes.com.br\/?p=74830"},"modified":"2021-09-17T12:30:22","modified_gmt":"2021-09-17T15:30:22","slug":"em-dificuldade-esposa-de-trabalhador-autonomo-preso-no-vagao-de-metro-no-recife-a-espera-de-justica","status":"publish","type":"post","link":"https:\/\/blogdoedvaldomagalhaes.com.br\/index.php\/2021\/09\/17\/em-dificuldade-esposa-de-trabalhador-autonomo-preso-no-vagao-de-metro-no-recife-a-espera-de-justica\/","title":{"rendered":"Em dificuldade, esposa de trabalhador aut\u00f4nomo preso no vag\u00e3o de metr\u00f4 no Recife \u00e0 espera de justi\u00e7a"},"content":{"rendered":"<p style=\"text-align: justify;\"><span style=\"font-weight: 400;\">A vida de Luana Gomes Teixeira se transformou num grande pesadelo desde o dia 4 de junho passado.\u00a0 A volta para casa de seu companheiro, h\u00e1 tr\u00eas meses, se tornou o in\u00edcio de dias dif\u00edceis e inseguran\u00e7a para ela e toda a fam\u00edlia. Edson Jos\u00e9 de Lima, de 42 anos, ao tentar entrar num vag\u00e3o do metr\u00f4, na esta\u00e7\u00e3o Prazeres, em Jaboat\u00e3o dos Guararapes (RMR), teve uma de suas m\u00e3os presas e seu corpo arrastado entre esta\u00e7\u00f5es, mesmo com todas as tentativas dos passageiros de alertar o condutor sobre o acidente. Marido de Luana, Edson faleceu poucas horas depois, deixando Luana com seu filho, de apenas um ano, e mais dois filhos adultos de outro casamento. A audi\u00eancia de concilia\u00e7\u00e3o com a Companhia Brasileira de Transportes Urbanos (CBTU), respons\u00e1vel pelo transporte metrovi\u00e1rio na regi\u00e3o, est\u00e1 marcada para o dia 23 de mar\u00e7o de 2021, mas devido \u00e0s dificuldades financeiras da v\u00edtima, o advogado de defesa, Eduardo Lemos Barbosa, especialista em indeniza\u00e7\u00f5es e Direito de Fam\u00edlia, entrou com um agravo de instrumento na 5\u00aa C\u00e2mara C\u00edvel do Tribunal de Justi\u00e7a de Pernambuco(TJPE), solicitando a antecipa\u00e7\u00e3o da audi\u00eancia e tamb\u00e9m o deferimento do pedido de tutela provis\u00f3ria de urg\u00eancia pela dificuldade financeira da vi\u00fava e do filho.\u00a0<\/span><\/p>\n<p style=\"text-align: justify;\"><span style=\"font-weight: 400;\">Luana era companheira de Edson h\u00e1 tr\u00eas anos, com quem vivia na cidade do Cabo de Santo Agostinho, a 14 km da esta\u00e7\u00e3o onde aconteceu o acidente. Juntos, eles tinham um filho, que completou 1 ano um dia antes da morte de Edson. Ele trabalhava como aut\u00f4nomo, exercendo a fun\u00e7\u00e3o de armador de ferragens e tudo o que recebia era para sustento da pr\u00f3pria fam\u00edlia. Hoje, Luana se encontra sem o marido e com muitas dificuldades. Ap\u00f3s o ocorrido, ela precisou se mudar para a casa dos pais, j\u00e1 que sua renda n\u00e3o daria para pagar os R$ 300 de aluguel, que, junto com as tarifas de \u00e1gua e luz, somavam R$ 415, al\u00e9m dos R$ 400 de alimenta\u00e7\u00e3o. Os pais de Luana vivem numa casa de dois c\u00f4modos na periferia do munic\u00edpio de S\u00e3o Louren\u00e7o da Mata, mas precisam arcar com despesas de \u00e1gua, luz, internet, alimenta\u00e7\u00e3o e necessidades de Luana, de seu filho, al\u00e9m de mais cinco pessoas que moram na casa junto com eles, totalizando nove pessoas.\u00a0<\/span><\/p>\n<p style=\"text-align: justify;\"><span style=\"font-weight: 400;\">Dores na alma\u00a0<\/span><\/p>\n<p style=\"text-align: justify;\"><span style=\"font-weight: 400;\">\u201cA nossa situa\u00e7\u00e3o est\u00e1 muito dif\u00edcil. Meus pais est\u00e3o com muita dificuldade tamb\u00e9m para arcar com as minhas despesas e a do meu filho\u201d, reconhece ela. A vi\u00fava convive com a ang\u00fastia de depender de outras pessoas da fam\u00edlia sem saber o dia de amanh\u00e3, em meio a um quadro de depress\u00e3o p\u00f3s-traum\u00e1tico em fun\u00e7\u00e3o do luto. \u201cN\u00e3o sei como vou me virar at\u00e9 essa audi\u00eancia\u201d, conta Luana, que at\u00e9 o fechamento da mat\u00e9ria, n\u00e3o tinha um real no bolso e estava vivendo de vendas de produtos em sem\u00e1foros, como panos de prato, com resultados incertos, chegando a R$ 50 reais por semana, quando os dias da semana favorecem para a venda. \u201cAl\u00e9m da dificuldade financeira, machuca muito lembrar dele e de sua dedica\u00e7\u00e3o ao nosso filho. D\u00f3i na alma\u201d, relata ela. \u201cA minha expectativa \u00e9 de que tenham consci\u00eancia de que \u00e9 uma crian\u00e7a que perdeu o pai, ainda n\u00e3o sabe se defender e que precisa das coisas.\u201d, relata Luana, ao falar sobre a expectativa para a audi\u00eancia.<\/span><\/p>\n<p style=\"text-align: justify;\"><span style=\"font-weight: 400;\">O advogado de defesa da v\u00edtima, Eduardo Lemos Barbosa, entrou com uma a\u00e7\u00e3o de indeniza\u00e7\u00e3o por danos morais e materiais com pedido de tutela provis\u00f3ria de urg\u00eancia, como prev\u00ea a legisla\u00e7\u00e3o. O advogado, que tem escrit\u00f3rio em S\u00e3o Paulo e Porto Alegre, destacou na peti\u00e7\u00e3o inicial que a morte do trabalhador se deu de forma t\u00e3o traum\u00e1tica e violenta que sempre ser\u00e1 fonte de abalo psicol\u00f3gico para todo o seu n\u00facleo familiar, ratificando que a indeniza\u00e7\u00e3o relativa aos danos morais \u00e9 necess\u00e1ria para \u201ccompensar devidamente o sofrimento experimentado pelos demandantes\u201d. O pedido de tutela provis\u00f3ria de urg\u00eancia \u00e9 para que a vi\u00fava receba da empresa demandada (CBTU) todo m\u00eas\u00a0 at\u00e9 que o processo seja encerrado 2\/3 da renda mensal do marido quando o mesmo foi a \u00f3bito, ou seja, R$ 733,33. A concess\u00e3o do pedido de tutela provis\u00f3ria est\u00e1 prevista no artigo 300 do novo C\u00f3digo de Processo Civil(CPC).\u00a0<\/span><\/p>\n<p style=\"text-align: justify;\"><span style=\"font-weight: 400;\">Passado e futuro\u00a0<\/span><\/p>\n<p style=\"text-align: justify;\"><span style=\"font-weight: 400;\">Foi tudo muito r\u00e1pido, mas as consequ\u00eancias perduram at\u00e9 hoje. A aus\u00eancia de Edson foi marcante para Luana, para seu filho e tamb\u00e9m para os dois filhos que a v\u00edtima tinha de outro casamento, al\u00e9m de seus pais e irm\u00e3os.Edson, considerado um homem que amava a fam\u00edlia e fazia de tudo para dar o m\u00e1ximo, era um trabalhador dedicado e gostava de passar o tempo com seus filhos. Sua inten\u00e7\u00e3o no dia do acidente era chegar mais cedo em casa para comprar leite, fraldas e tudo o que seu filho precisava.<\/span><\/p>\n<p style=\"text-align: justify;\"><span style=\"font-weight: 400;\">At\u00e9 hoje, para Luana, a luta \u00e9 grande e existem momentos em que a tristeza toma conta. Para ela, as horas mais dif\u00edceis do dia s\u00e3o ao de acordar e o hor\u00e1rio em que Edson chegaria do trabalho, quando o filho de um ano pergunta pelo pai. \u201cOlhar para ele chamando o pai e ele n\u00e3o estar aqui \u00e9 o que mais d\u00f3i\u201d, confessa. O amor pela fam\u00edlia move Luana a continuar lutando, mas a situa\u00e7\u00e3o de estar morando com muitas pessoas e dependendo de seus familiares a deixa apreensiva.\u00a0<\/span><\/p>\n<p style=\"text-align: justify;\"><span style=\"font-weight: 400;\">O acidente\u00a0<\/span><\/p>\n<p style=\"text-align: justify;\"><span style=\"font-weight: 400;\">No dia 04 de junho de 2021, Edson Jos\u00e9 de Lima estava com seu irm\u00e3o Wellington Jos\u00e9 de Lima, voltando do trabalho, no trajeto que seria do bairro da V\u00e1rzea, na Zona Oeste do Recife\/PE, para casa, na cidade de Cabo de Santo Agostinho\/PE. Na plataforma de embarque da esta\u00e7\u00e3o de metr\u00f4 Prazeres, no sentido de Cajueiro Seco, o armador de ferragens tentou entrar no metr\u00f4 logo ap\u00f3s seu irm\u00e3o, mas as portas fecharam, prendendo parte de seu corpo. Os passageiros come\u00e7aram a bater no vag\u00e3o na tentativa de que o condutor conseguisse abrir, mas n\u00e3o conseguiram chamar a aten\u00e7\u00e3o.\u00a0<\/span><\/p>\n<p style=\"text-align: justify;\"><span style=\"font-weight: 400;\">O irm\u00e3o de Edson acionou o alarme de emerg\u00eancia, que tamb\u00e9m n\u00e3o surtiu efeito, correu para avisar na cabine, mas n\u00e3o foi o suficiente. Em meio ao desespero, o metr\u00f4 deu partida com Edson ainda preso. Ele foi arrastado para fora e caiu. Os funcion\u00e1rios do metr\u00f4 fizeram os primeiros socorros e chamaram o Servi\u00e7o de Atendimento M\u00f3vel de Emerg\u00eancia (SAMU). Edson foi encaminhado ao Hospital da Restaura\u00e7\u00e3o, no bairro do Derby, \u00e1rea central do Recife, mas n\u00e3o resistiu aos ferimentos, falecendo \u00e0s 21h30, em decorr\u00eancia de politraumatismo.\u00a0<\/span><\/p>\n","protected":false},"excerpt":{"rendered":"<p>A vida de Luana Gomes Teixeira se transformou num grande pesadelo desde o dia 4 de junho passado.\u00a0 A volta&hellip;<\/p>\n","protected":false},"author":1,"featured_media":74831,"comment_status":"open","ping_status":"open","sticky":false,"template":"","format":"standard","meta":{"footnotes":""},"categories":[14120],"tags":[2,19532,3406,22823],"class_list":["post-74830","post","type-post","status-publish","format-standard","has-post-thumbnail","hentry","category-noticias","tag-blog-do-edvaldo-magalhaes","tag-blog-mais-acessado-e-visualizado-de-caruaru-e-regiao","tag-caruaru","tag-em-dificuldade-esposa-de-trabalhador-autonomo-preso-no-vagao-de-metro-no-recife-a-espera-de-justica"],"_links":{"self":[{"href":"https:\/\/blogdoedvaldomagalhaes.com.br\/index.php\/wp-json\/wp\/v2\/posts\/74830","targetHints":{"allow":["GET"]}}],"collection":[{"href":"https:\/\/blogdoedvaldomagalhaes.com.br\/index.php\/wp-json\/wp\/v2\/posts"}],"about":[{"href":"https:\/\/blogdoedvaldomagalhaes.com.br\/index.php\/wp-json\/wp\/v2\/types\/post"}],"author":[{"embeddable":true,"href":"https:\/\/blogdoedvaldomagalhaes.com.br\/index.php\/wp-json\/wp\/v2\/users\/1"}],"replies":[{"embeddable":true,"href":"https:\/\/blogdoedvaldomagalhaes.com.br\/index.php\/wp-json\/wp\/v2\/comments?post=74830"}],"version-history":[{"count":1,"href":"https:\/\/blogdoedvaldomagalhaes.com.br\/index.php\/wp-json\/wp\/v2\/posts\/74830\/revisions"}],"predecessor-version":[{"id":74832,"href":"https:\/\/blogdoedvaldomagalhaes.com.br\/index.php\/wp-json\/wp\/v2\/posts\/74830\/revisions\/74832"}],"wp:featuredmedia":[{"embeddable":true,"href":"https:\/\/blogdoedvaldomagalhaes.com.br\/index.php\/wp-json\/wp\/v2\/media\/74831"}],"wp:attachment":[{"href":"https:\/\/blogdoedvaldomagalhaes.com.br\/index.php\/wp-json\/wp\/v2\/media?parent=74830"}],"wp:term":[{"taxonomy":"category","embeddable":true,"href":"https:\/\/blogdoedvaldomagalhaes.com.br\/index.php\/wp-json\/wp\/v2\/categories?post=74830"},{"taxonomy":"post_tag","embeddable":true,"href":"https:\/\/blogdoedvaldomagalhaes.com.br\/index.php\/wp-json\/wp\/v2\/tags?post=74830"}],"curies":[{"name":"wp","href":"https:\/\/api.w.org\/{rel}","templated":true}]}}