{"id":74824,"date":"2021-09-16T22:09:34","date_gmt":"2021-09-17T01:09:34","guid":{"rendered":"https:\/\/blogdoedvaldomagalhaes.com.br\/?p=74824"},"modified":"2021-09-16T22:09:36","modified_gmt":"2021-09-17T01:09:36","slug":"pernambuco-nao-suspende-a-aplicacao-de-vacina-em-adolescentes-acima-dos-12-anos","status":"publish","type":"post","link":"https:\/\/blogdoedvaldomagalhaes.com.br\/index.php\/2021\/09\/16\/pernambuco-nao-suspende-a-aplicacao-de-vacina-em-adolescentes-acima-dos-12-anos\/","title":{"rendered":"Pernambuco n\u00e3o suspende a aplica\u00e7\u00e3o de vacina em adolescentes acima dos 12 anos"},"content":{"rendered":"<p style=\"text-align: justify;\"><span lang=\"PT\">Nesta quinta-feira (16), o Minist\u00e9rio da Sa\u00fade publicou uma nota informativa com nova orienta\u00e7\u00e3o do Governo Federal para que n\u00e3o seja feita mais a vacina\u00e7\u00e3o de adolescentes de 12 a 17 anos que n\u00e3o tenham comorbidades. Questionado, o secret\u00e1rio Andr\u00e9 Longo lamentou a decis\u00e3o, que segundo ele destoa da realidade da campanha de imuniza\u00e7\u00e3o em todo o Pa\u00eds.<\/span><\/p>\n<p style=\"text-align: justify;\"><span lang=\"PT\">\u201cInfelizmente, o Minist\u00e9rio da Sa\u00fade fez esse comunicado sem combinar com os Estados ou munic\u00edpios, gerando intranquilidade em rela\u00e7\u00e3o a esse p\u00fablico. V\u00e1rios Estados lamentaram a postura do \u00f3rg\u00e3o federal por n\u00e3o ter realizado nenhuma reuni\u00e3o tripartite e tamb\u00e9m por n\u00e3o submeter as informa\u00e7\u00f5es \u00e0 Anvisa, que autorizou o uso da vacina da Pfizer no p\u00fablico adolescente de 12 a 17 anos no territ\u00f3rio brasileiro\u201d, pontuou o secret\u00e1rio.<\/span><\/p>\n<p style=\"text-align: justify;\"><span lang=\"PT\">Andr\u00e9 Longo informou que o Conselho Nacional de Secret\u00e1rios Estaduais de Sa\u00fade (Conass) e o Conselho Nacional de Secretarias Municipais de Sa\u00fade (Conasems) protocolaram documento junto \u00e0 Anvisa e aguardam a posi\u00e7\u00e3o oficial do \u00f3rg\u00e3o. \u201cAt\u00e9 que haja posi\u00e7\u00e3o t\u00e9cnica que diga o contr\u00e1rio, Pernambuco n\u00e3o vai suspender a aplica\u00e7\u00e3o de Pfizer em adolescentes acima dos 12 anos\u201d, destacou. O Comit\u00ea T\u00e9cnico Estadual para Acompanhamento da Vacina\u00e7\u00e3o dever\u00e1 se reunir nesta sexta-feira (17.09) para discutir os pr\u00f3ximos passos da vacina\u00e7\u00e3o nesse p\u00fablico.<\/span><\/p>\n<p style=\"text-align: justify;\"><span lang=\"PT\">\u201cMinha mensagem, hoje, \u00e9 de tranquilizar as fam\u00edlias dos adolescentes vacinados com os imunizantes da Pfizer. A vacina continua a ser recomendada pela Sociedade de Pediatria e pela Sociedade Brasileira de Imuniza\u00e7\u00f5es. Os adolescentes que j\u00e1 foram vacinados com a primeira aplica\u00e7\u00e3o devem tomar, ent\u00e3o, a sua segunda dose\u201d, recomendou o m\u00e9dico e representante da Sociedade Brasileira de Imuniza\u00e7\u00f5es, Eduardo Jorge da Fonseca, que participou da coletiva.<\/span><\/p>\n<p style=\"text-align: justify;\"><span lang=\"PT\">De acordo com os \u00faltimos dados da Secretaria Estadual de Sa\u00fade, disponibilizados no painel de acompanhamento vacinal (<a href=\"https:\/\/bit.ly\/3xteooh\" target=\"_blank\" rel=\"noopener noreferrer\" data-saferedirecturl=\"https:\/\/www.google.com\/url?q=https:\/\/bit.ly\/3xteooh&amp;source=gmail&amp;ust=1631915236047000&amp;usg=AFQjCNELUnTkvFd60S2-p3TMoSGFT1-gQA\">https:\/\/bit.ly\/3xteooh<\/a>), at\u00e9 o momento j\u00e1 foram vacinados com a 1\u00aa dose mais de 168 mil adolescente de 12 a 17 anos em Pernambuco, o que corresponde a 15% do total.<\/span><\/p>\n<p style=\"text-align: justify;\"><b><span lang=\"PT\">ASTRAZENECA \u2013\u00a0<\/span><\/b><span lang=\"PT\">Ap\u00f3s duas semanas de interrup\u00e7\u00e3o, Pernambuco voltou a receber vacinas contra Covid-19 fabricadas pela Astrazeneca\/Oxford\/Fiocruz. O voo trazendo as 47.250 unidades aterrissou no Aeroporto Internacional do Recife\/Guararapes &#8211; Gilberto Freyre \u00e0s 16h50. Os imunobiol\u00f3gicos, divididos em quatro volumes, foram levados para a sede do Programa Estadual de Imuniza\u00e7\u00e3o (PNI-PE) para checagem, armazenamento e separa\u00e7\u00e3o por munic\u00edpio. Essas vacinas dever\u00e3o ser utilizadas, exclusivamente, para aplica\u00e7\u00e3o das segundas doses na popula\u00e7\u00e3o.<\/span><\/p>\n<p style=\"text-align: justify;\"><span lang=\"PT\">\u201c\u00c9 extremamente importante frisar que cada pauta de recebimento precisa ser cumprida pelos gestores municipais. O seguimento correto da utiliza\u00e7\u00e3o dos imunizantes, em suas doses correspondentes, seja dose 1 ou 2, vai contribuir para que a campanha de vacina\u00e7\u00e3o em seus territ\u00f3rios ocorra sem inconformidades\u201d, salientou a superintendente de Imuniza\u00e7\u00f5es do Estado, Ana Catarina de Melo.<\/span><\/p>\n<p style=\"text-align: justify;\"><span lang=\"PT\">Desde o in\u00edcio da campanha de vacina\u00e7\u00e3o, em janeiro deste ano, Pernambuco j\u00e1 recebeu 11.571.830 doses de vacinas contra a Covid-19. Desse total, foram 4.216.270 da Astrazeneca\/Oxford\/Fiocruz, 4.203.320 da Coronavac\/Butantan, 2.979.990 da Pfizer\/BioNTech e 172.250 da Janssen.<b><\/b><\/span><\/p>\n<p style=\"text-align: justify;\"><b><span lang=\"PT\">BALAN\u00c7O DA VACINA\u00c7\u00c3O &#8211;<\/span><\/b><span lang=\"PT\">\u00a0Pernambuco j\u00e1 aplicou 9.069.872 doses de vacinas contra a Covid-19 na sua popula\u00e7\u00e3o, desde o in\u00edcio da campanha de imuniza\u00e7\u00e3o no Estado (no dia 18 de janeiro de 2021).<\/span><\/p>\n<p style=\"text-align: justify;\"><span lang=\"PT\">Com rela\u00e7\u00e3o \u00e0s primeiras doses, foram 6.066.810 aplica\u00e7\u00f5es (cobertura de 72,99%). Do total, 3.003.062 pernambucanos (36,13%) j\u00e1 completaram seus esquemas vacinais, sendo 2.830.071 pessoas que foram vacinadas com imunizantes aplicados em duas doses e outros 172.991 pernambucanos que foram contemplados com vacina aplicada em dose \u00fanica.<\/span><\/p>\n<p style=\"text-align: justify;\"><span lang=\"PT\">Outras informa\u00e7\u00f5es detalhadas sobre a popula\u00e7\u00e3o vacinada contra a Covid-19 est\u00e3o dispon\u00edveis no Painel de Acompanhamento Vacinal, que pode ser acessado pelo\u00a0<a href=\"https:\/\/bit.ly\/3xteooh\" target=\"_blank\" rel=\"noopener noreferrer\" data-saferedirecturl=\"https:\/\/www.google.com\/url?q=https:\/\/bit.ly\/3xteooh&amp;source=gmail&amp;ust=1631915236047000&amp;usg=AFQjCNELUnTkvFd60S2-p3TMoSGFT1-gQA\">https:\/\/bit.ly\/3xteooh<\/a>. No ambiente on-line, h\u00e1 as coberturas por grupo e por munic\u00edpios, doses aplicadas x distribu\u00eddas por cidade, perfil dos vacinados (sexo, ra\u00e7a\/cor). H\u00e1, ainda, as bases de dados para download<\/span><\/p>\n<p style=\"text-align: justify;\">Foto: Heudes Regis\/SEI<\/p>\n","protected":false},"excerpt":{"rendered":"<p>Nesta quinta-feira (16), o Minist\u00e9rio da Sa\u00fade publicou uma nota informativa com nova orienta\u00e7\u00e3o do Governo Federal para que n\u00e3o&hellip;<\/p>\n","protected":false},"author":1,"featured_media":74825,"comment_status":"open","ping_status":"open","sticky":false,"template":"","format":"standard","meta":{"footnotes":""},"categories":[14120],"tags":[2,19532,3406,17559,19670,22821],"class_list":["post-74824","post","type-post","status-publish","format-standard","has-post-thumbnail","hentry","category-noticias","tag-blog-do-edvaldo-magalhaes","tag-blog-mais-acessado-e-visualizado-de-caruaru-e-regiao","tag-caruaru","tag-covid-19","tag-novo-coronavirus","tag-pernambuco-nao-suspende-a-aplicacao-de-vacina-em-adolescentes-acima-dos-12-anos"],"_links":{"self":[{"href":"https:\/\/blogdoedvaldomagalhaes.com.br\/index.php\/wp-json\/wp\/v2\/posts\/74824","targetHints":{"allow":["GET"]}}],"collection":[{"href":"https:\/\/blogdoedvaldomagalhaes.com.br\/index.php\/wp-json\/wp\/v2\/posts"}],"about":[{"href":"https:\/\/blogdoedvaldomagalhaes.com.br\/index.php\/wp-json\/wp\/v2\/types\/post"}],"author":[{"embeddable":true,"href":"https:\/\/blogdoedvaldomagalhaes.com.br\/index.php\/wp-json\/wp\/v2\/users\/1"}],"replies":[{"embeddable":true,"href":"https:\/\/blogdoedvaldomagalhaes.com.br\/index.php\/wp-json\/wp\/v2\/comments?post=74824"}],"version-history":[{"count":1,"href":"https:\/\/blogdoedvaldomagalhaes.com.br\/index.php\/wp-json\/wp\/v2\/posts\/74824\/revisions"}],"predecessor-version":[{"id":74826,"href":"https:\/\/blogdoedvaldomagalhaes.com.br\/index.php\/wp-json\/wp\/v2\/posts\/74824\/revisions\/74826"}],"wp:featuredmedia":[{"embeddable":true,"href":"https:\/\/blogdoedvaldomagalhaes.com.br\/index.php\/wp-json\/wp\/v2\/media\/74825"}],"wp:attachment":[{"href":"https:\/\/blogdoedvaldomagalhaes.com.br\/index.php\/wp-json\/wp\/v2\/media?parent=74824"}],"wp:term":[{"taxonomy":"category","embeddable":true,"href":"https:\/\/blogdoedvaldomagalhaes.com.br\/index.php\/wp-json\/wp\/v2\/categories?post=74824"},{"taxonomy":"post_tag","embeddable":true,"href":"https:\/\/blogdoedvaldomagalhaes.com.br\/index.php\/wp-json\/wp\/v2\/tags?post=74824"}],"curies":[{"name":"wp","href":"https:\/\/api.w.org\/{rel}","templated":true}]}}