{"id":74816,"date":"2021-09-16T20:58:37","date_gmt":"2021-09-16T23:58:37","guid":{"rendered":"https:\/\/blogdoedvaldomagalhaes.com.br\/?p=74816"},"modified":"2021-09-16T21:23:51","modified_gmt":"2021-09-17T00:23:51","slug":"policia-federal-prende-em-pernambuco-seis-pessoas-por-fraude-em-beneficios-do-inss","status":"publish","type":"post","link":"https:\/\/blogdoedvaldomagalhaes.com.br\/index.php\/2021\/09\/16\/policia-federal-prende-em-pernambuco-seis-pessoas-por-fraude-em-beneficios-do-inss\/","title":{"rendered":"Pol\u00edcia Federal prende em Pernambuco seis pessoas por fraude em benef\u00edcios do INSS"},"content":{"rendered":"<p style=\"text-align: justify;\">A Pol\u00edcia Federal prendeu seis pessoas durante a Opera\u00e7\u00e3o Clepsidra, desencadeada nesta quinta-feira (16), em Pernambuco. A quadrilha \u00e9 suspeita de causar preju\u00edzo no valor de 27 milh\u00f5es e 600 mil reais atrav\u00e9s de fraudes em benef\u00edcios do INSS.<\/p>\n<p style=\"text-align: justify;\">Os mandados de pris\u00e3o, sendo uma delas domiciliar, foram emitidos pela 23\u00aa Vara da Justi\u00e7a Federal em Garanhuns, que tamb\u00e9m autorizou que fossem feitas buscas e apreens\u00f5es em 13 endere\u00e7os.<\/p>\n<p style=\"text-align: justify;\">Al\u00e9m de Garanhuns, foram cumpridos mandados em \u00c1guas Belas, Caruaru\u00a0e Recife, com apreens\u00e3o de uma quantia em dinheiro n\u00e3o divulgada, entre outros materiais.<\/p>\n<p style=\"text-align: justify;\">A Justi\u00e7a tamb\u00e9m determinou que o INSS bloqueasse 225 benef\u00edcios previdenci\u00e1rios suspeitos de fraude e emitiu quatro mandados de medidas cautelares diversas de pris\u00e3o.<\/p>\n<p style=\"text-align: justify;\">O inqu\u00e9rito policial que resultou na opera\u00e7\u00e3o descobriu que um grupo estava recebendo benef\u00edcios previdenci\u00e1rios ap\u00f3s a morte de segurados e atrav\u00e9s da falsifica\u00e7\u00e3o de documentos para a cria\u00e7\u00e3o de pessoas fict\u00edcias.<\/p>\n","protected":false},"excerpt":{"rendered":"<p>A Pol\u00edcia Federal prendeu seis pessoas durante a Opera\u00e7\u00e3o Clepsidra, desencadeada nesta quinta-feira (16), em Pernambuco. A quadrilha \u00e9 suspeita&hellip;<\/p>\n","protected":false},"author":1,"featured_media":74817,"comment_status":"open","ping_status":"open","sticky":false,"template":"","format":"standard","meta":{"footnotes":""},"categories":[14121],"tags":[2,19532,3406,22819],"class_list":["post-74816","post","type-post","status-publish","format-standard","has-post-thumbnail","hentry","category-policial","tag-blog-do-edvaldo-magalhaes","tag-blog-mais-acessado-e-visualizado-de-caruaru-e-regiao","tag-caruaru","tag-policia-federal-prende-em-pernambuco-seis-pessoas-por-fraude-em-beneficios-do-inss"],"_links":{"self":[{"href":"https:\/\/blogdoedvaldomagalhaes.com.br\/index.php\/wp-json\/wp\/v2\/posts\/74816","targetHints":{"allow":["GET"]}}],"collection":[{"href":"https:\/\/blogdoedvaldomagalhaes.com.br\/index.php\/wp-json\/wp\/v2\/posts"}],"about":[{"href":"https:\/\/blogdoedvaldomagalhaes.com.br\/index.php\/wp-json\/wp\/v2\/types\/post"}],"author":[{"embeddable":true,"href":"https:\/\/blogdoedvaldomagalhaes.com.br\/index.php\/wp-json\/wp\/v2\/users\/1"}],"replies":[{"embeddable":true,"href":"https:\/\/blogdoedvaldomagalhaes.com.br\/index.php\/wp-json\/wp\/v2\/comments?post=74816"}],"version-history":[{"count":3,"href":"https:\/\/blogdoedvaldomagalhaes.com.br\/index.php\/wp-json\/wp\/v2\/posts\/74816\/revisions"}],"predecessor-version":[{"id":74820,"href":"https:\/\/blogdoedvaldomagalhaes.com.br\/index.php\/wp-json\/wp\/v2\/posts\/74816\/revisions\/74820"}],"wp:featuredmedia":[{"embeddable":true,"href":"https:\/\/blogdoedvaldomagalhaes.com.br\/index.php\/wp-json\/wp\/v2\/media\/74817"}],"wp:attachment":[{"href":"https:\/\/blogdoedvaldomagalhaes.com.br\/index.php\/wp-json\/wp\/v2\/media?parent=74816"}],"wp:term":[{"taxonomy":"category","embeddable":true,"href":"https:\/\/blogdoedvaldomagalhaes.com.br\/index.php\/wp-json\/wp\/v2\/categories?post=74816"},{"taxonomy":"post_tag","embeddable":true,"href":"https:\/\/blogdoedvaldomagalhaes.com.br\/index.php\/wp-json\/wp\/v2\/tags?post=74816"}],"curies":[{"name":"wp","href":"https:\/\/api.w.org\/{rel}","templated":true}]}}