{"id":74812,"date":"2021-09-16T20:34:34","date_gmt":"2021-09-16T23:34:34","guid":{"rendered":"https:\/\/blogdoedvaldomagalhaes.com.br\/?p=74812"},"modified":"2021-09-16T20:34:35","modified_gmt":"2021-09-16T23:34:35","slug":"raquel-lyra-lanca-o-programa-tempo-certo-para-reduzir-prejuizos-da-educacao-na-pandemia","status":"publish","type":"post","link":"https:\/\/blogdoedvaldomagalhaes.com.br\/index.php\/2021\/09\/16\/raquel-lyra-lanca-o-programa-tempo-certo-para-reduzir-prejuizos-da-educacao-na-pandemia\/","title":{"rendered":"Raquel Lyra lan\u00e7a o programa Tempo Certo para reduzir preju\u00edzos da educa\u00e7\u00e3o na pandemia"},"content":{"rendered":"<p style=\"text-align: justify;\"><span style=\"font-size: inherit;\">A prefeita de Caruaru, Raquel Lyra, lan\u00e7ou, nesta quinta-feira (16), o Programa Tempo Certo. A estrat\u00e9gia busca mecanismos para ajudar os estudantes da rede municipal de ensino na recupera\u00e7\u00e3o e acelera\u00e7\u00e3o da aprendizagem, causados pela pandemia da Covid-19. A apresenta\u00e7\u00e3o do programa aos gestores da rede aconteceu na quadra da Escola Municipal Laura Flor\u00eancio.<\/span><\/p>\n<p style=\"text-align: justify;\">De acordo com a Prefeita Raquel Lyra, o Tempo Certo vem para garantir a aprendizagem acompanhada e de forma individual. &#8220;Nenhum aluno vai ficar pra tr\u00e1s. Este \u00e9 o nosso lema. Que os estudantes e suas fam\u00edlias vejam nas escolas o o\u00e1sis de suas vidas em um ambiente pronto para receb\u00ea-los da melhor forma&#8221;, exclamou Raquel.<\/p>\n<p style=\"text-align: justify;\">Desde mar\u00e7o de 2020, quando iniciou a pandemia, a Prefeitura empregou uma diversidade de recursos, estrat\u00e9gias e iniciativas, no intuito de garantir a continuidade da aprendizagem de mais de 40 mil estudantes. Entre eles, est\u00e3o a disponibiliza\u00e7\u00e3o de material did\u00e1tico impresso, aulas pela TV e YouTube, bem como a forma\u00e7\u00e3o continuada para professores.<\/p>\n<p style=\"text-align: justify;\">Para o secret\u00e1rio de Educa\u00e7\u00e3o e Esportes de Caruaru, Jo\u00e3o Paulo Derocy C\u00eapa, o Programa Tempo Certo vem concretizar essa preocupa\u00e7\u00e3o da Prefeitura de reduzir esse impacto, tornando-se a principal estrat\u00e9gia da Seduc, no que se refere \u00e0 recupera\u00e7\u00e3o e \u00e0 acelera\u00e7\u00e3o da aprendizagem em Caruaru durante o quadri\u00eanio 2021-2024.<\/p>\n<p style=\"text-align: justify;\">O programa foi dividido em tr\u00eas eixos centrais: Aluno pra Frente, Janela para o Futuro e Aluno Presente 2.0. O primeiro se refere ao mapeamento das dificuldades dos alunos e \u00e0 recupera\u00e7\u00e3o dos conte\u00fados que precisa ser feita. O segundo visa dar apoio \u00e0 aprendizagem, ao emocional e \u00e0 inclus\u00e3o digital dos estudantes. Por fim, uma s\u00e9rie de a\u00e7\u00f5es para que estudantes, fam\u00edlias e comunidade escolar avancem para continuar transformando Caruaru pela Educa\u00e7\u00e3o (ler mais abaixo). \u201cEssa estrat\u00e9gia contar\u00e1 com o apoio de uma equipe multidisciplinar, composta por 20 psic\u00f3logos, 20 assistentes sociais, dez psicopedagogos, al\u00e9m de 200 estagi\u00e1rios de psicologia, garantindo, dessa forma, o desenvolvimento integral dos estudantes\u201d, explicou Jo\u00e3o Paulo.<\/p>\n<p style=\"text-align: justify;\">O Tempo Certo conta ainda com parcerias de universidades, Governo do Estado de S\u00e3o Paulo e das Avalia\u00e7\u00f5es Diagn\u00f3sticas, para que o programa atue com maior aprofundamento. \u201cOs professores e estudantes da rede municipal de ensino ter\u00e3o o apoio de estagi\u00e1rios, atrav\u00e9s das universidades parceiras, no acompanhamento do desenvolvimento individual do aluno, assim como o est\u00edmulo do professor nas revis\u00f5es de atividades, d\u00favidas e no estudo em conjunto, tanto de forma remota como na presencial\u201d, afirmou Raquel Lyra.<\/p>\n<p style=\"text-align: justify;\">A aplica\u00e7\u00e3o de sequ\u00eancias did\u00e1ticas de L\u00edngua Portuguesa e Matem\u00e1tica tamb\u00e9m ser\u00e3o ofertadas para os estudantes, em parceria com o Instituto Qualidade no Ensino (IQE), tornando-se uma ferramenta importante para o trabalho de recupera\u00e7\u00e3o da aprendizagem. \u201cTamb\u00e9m contamos com o Acelera Saeb 2021, que tem como objetivo oferecer aos estudantes de 5\u00ba e 9\u00ba ano uma trilha formativa voltada para o refor\u00e7o das defasagens de aprendizagem\u201d, afirmou Jo\u00e3o Paulo.<\/p>\n<p style=\"text-align: justify;\">*Aluno pra Frente* &#8211; A estrat\u00e9gia, a partir de uma avalia\u00e7\u00e3o diagn\u00f3stica, \u00e9 de grande import\u00e2ncia para mensurar o conhecimento do aluno. A partir dela, metas poder\u00e3o ser tra\u00e7adas de forma mais precisas. \u201cPor meio de minitestes remotos, estudantes est\u00e3o sendo avaliados. A meta \u00e9 alcan\u00e7ar o maior n\u00famero de estudantes, mesmo os que n\u00e3o disp\u00f5em de conectividade, para coletar dados que v\u00e3o subsidiar o planejamento pedag\u00f3gico de longo prazo para o munic\u00edpio\u201d, disse o secret\u00e1rio.<\/p>\n<p style=\"text-align: justify;\">Para complementar o trabalho de coleta de dados, haver\u00e1 ainda o Sistema de Avalia\u00e7\u00e3o Anual 2021, com dois testes em larga escala. \u201cA Avalia\u00e7\u00e3o de Flu\u00eancia em Leitura, para alunos do 3\u00ba, 4\u00ba e 5\u00ba anos do Ensino Fundamental, cujo objetivo \u00e9 apoiar o fortalecimento do ciclo de alfabetiza\u00e7\u00e3o, e a realiza\u00e7\u00e3o da Avalia\u00e7\u00e3o Somativa, para alunos do 1\u00ba, 3\u00ba, 5\u00ba e 7\u00ba anos\u201d, adiantou Jo\u00e3o Paulo, acrescentando que essas avalia\u00e7\u00f5es ser\u00e3o feitas no final de outubro, em formato impresso e com maior controle log\u00edstico.<\/p>\n<p style=\"text-align: justify;\">*Janela para o Futuro* &#8211; Com o objetivo de fortalecer ainda mais o ensino h\u00edbrido, ser\u00e3o adquiridos notebooks para os professores e laborat\u00f3rios de inform\u00e1tica da rede municipal, al\u00e9m de tablets para os alunos do 5\u00b0 ano e da Educa\u00e7\u00e3o Especial. \u201cTamb\u00e9m foi encaminhada para a C\u00e2mara de Vereadores uma proposta de lei para a concess\u00e3o de recursos financeiros para os profissionais da rede municipal de educa\u00e7\u00e3o, destinados \u00e0 contrata\u00e7\u00e3o de solu\u00e7\u00f5es de conectividade m\u00f3vel ou fixa, para o planejamento e a realiza\u00e7\u00e3o de atividades pedag\u00f3gicas n\u00e3o presenciais\u201d, pontuou a Prefeita Raquel Lyra.<\/p>\n<p style=\"text-align: justify;\">Aluno Presente 2.0 &#8211; No contexto da pandemia, \u00e9 ainda mais importante que existam estrat\u00e9gias estruturadas para identificar e reinserir no sistema de ensino p\u00fablico as crian\u00e7as e os adolescentes que estejam fora da escola ou em risco de evas\u00e3o escolar. A nova vers\u00e3o do Aluno Presente vai fomentar a articula\u00e7\u00e3o intersetorial das pol\u00edticas p\u00fablicas de educa\u00e7\u00e3o, assist\u00eancia social, sa\u00fade e a rede de prote\u00e7\u00e3o \u00e0 inf\u00e2ncia em geral, dentre outras secretarias municipais, al\u00e9m de demais \u00f3rg\u00e3os p\u00fablicos e organiza\u00e7\u00f5es da sociedade civil, no sentido de promover a consolida\u00e7\u00e3o de uma pol\u00edtica p\u00fablica permanente de enfrentamento \u00e0 exclus\u00e3o escolar no munic\u00edpio de Caruaru.<\/p>\n<p style=\"text-align: justify;\">As a\u00e7\u00f5es que ser\u00e3o desenvolvidas ter\u00e3o como objetivo planejar e executar atividades integrativas, a fim de promover o acolhimento e fortalecer os v\u00ednculos dos estudantes com os espa\u00e7os escolares e o desenvolvimento de suas aprendizagens. Um Centro de Apoio Psicossocial ser\u00e1 criado com uma equipe multidisciplinar que, de forma articulada, atender\u00e1 a demanda de estudantes, professores, coordenadores e gestores escolares da rede nunicipal de Caruaru. A equipe do Centro de Apoio ir\u00e1 contar com o trabalho conjunto de psic\u00f3logos, assistentes sociais, psicopedagogos e terapeutas ocupacionais.<\/p>\n\n\n<figure class=\"wp-block-image size-large\"><img loading=\"lazy\" decoding=\"async\" width=\"1024\" height=\"682\" src=\"https:\/\/blogdoedvaldomagalhaes.com.br\/wp-content\/uploads\/2021\/09\/IMG-20210916-WA0247-1024x682.jpg\" alt=\"\" class=\"wp-image-74814\" srcset=\"https:\/\/blogdoedvaldomagalhaes.com.br\/wp-content\/uploads\/2021\/09\/IMG-20210916-WA0247-1024x682.jpg 1024w, https:\/\/blogdoedvaldomagalhaes.com.br\/wp-content\/uploads\/2021\/09\/IMG-20210916-WA0247-300x200.jpg 300w, https:\/\/blogdoedvaldomagalhaes.com.br\/wp-content\/uploads\/2021\/09\/IMG-20210916-WA0247-768x512.jpg 768w, https:\/\/blogdoedvaldomagalhaes.com.br\/wp-content\/uploads\/2021\/09\/IMG-20210916-WA0247-1536x1023.jpg 1536w, https:\/\/blogdoedvaldomagalhaes.com.br\/wp-content\/uploads\/2021\/09\/IMG-20210916-WA0247.jpg 1600w\" sizes=\"auto, (max-width: 1024px) 100vw, 1024px\" \/><figcaption>Fotos: Jana\u00edna Pepeu<\/figcaption><\/figure>\n","protected":false},"excerpt":{"rendered":"<p>A prefeita de Caruaru, Raquel Lyra, lan\u00e7ou, nesta quinta-feira (16), o Programa Tempo Certo. A estrat\u00e9gia busca mecanismos para ajudar&hellip;<\/p>\n","protected":false},"author":1,"featured_media":74813,"comment_status":"open","ping_status":"open","sticky":false,"template":"","format":"standard","meta":{"footnotes":""},"categories":[14122],"tags":[2,19532,3406,20,22818],"class_list":["post-74812","post","type-post","status-publish","format-standard","has-post-thumbnail","hentry","category-politica","tag-blog-do-edvaldo-magalhaes","tag-blog-mais-acessado-e-visualizado-de-caruaru-e-regiao","tag-caruaru","tag-politica","tag-raquel-lyra-lanca-o-programa-tempo-certo-para-reduzir-prejuizos-da-educacao-na-pandemia"],"_links":{"self":[{"href":"https:\/\/blogdoedvaldomagalhaes.com.br\/index.php\/wp-json\/wp\/v2\/posts\/74812","targetHints":{"allow":["GET"]}}],"collection":[{"href":"https:\/\/blogdoedvaldomagalhaes.com.br\/index.php\/wp-json\/wp\/v2\/posts"}],"about":[{"href":"https:\/\/blogdoedvaldomagalhaes.com.br\/index.php\/wp-json\/wp\/v2\/types\/post"}],"author":[{"embeddable":true,"href":"https:\/\/blogdoedvaldomagalhaes.com.br\/index.php\/wp-json\/wp\/v2\/users\/1"}],"replies":[{"embeddable":true,"href":"https:\/\/blogdoedvaldomagalhaes.com.br\/index.php\/wp-json\/wp\/v2\/comments?post=74812"}],"version-history":[{"count":1,"href":"https:\/\/blogdoedvaldomagalhaes.com.br\/index.php\/wp-json\/wp\/v2\/posts\/74812\/revisions"}],"predecessor-version":[{"id":74815,"href":"https:\/\/blogdoedvaldomagalhaes.com.br\/index.php\/wp-json\/wp\/v2\/posts\/74812\/revisions\/74815"}],"wp:featuredmedia":[{"embeddable":true,"href":"https:\/\/blogdoedvaldomagalhaes.com.br\/index.php\/wp-json\/wp\/v2\/media\/74813"}],"wp:attachment":[{"href":"https:\/\/blogdoedvaldomagalhaes.com.br\/index.php\/wp-json\/wp\/v2\/media?parent=74812"}],"wp:term":[{"taxonomy":"category","embeddable":true,"href":"https:\/\/blogdoedvaldomagalhaes.com.br\/index.php\/wp-json\/wp\/v2\/categories?post=74812"},{"taxonomy":"post_tag","embeddable":true,"href":"https:\/\/blogdoedvaldomagalhaes.com.br\/index.php\/wp-json\/wp\/v2\/tags?post=74812"}],"curies":[{"name":"wp","href":"https:\/\/api.w.org\/{rel}","templated":true}]}}