{"id":74809,"date":"2021-09-16T20:15:52","date_gmt":"2021-09-16T23:15:52","guid":{"rendered":"https:\/\/blogdoedvaldomagalhaes.com.br\/?p=74809"},"modified":"2021-09-16T20:15:54","modified_gmt":"2021-09-16T23:15:54","slug":"fagner-lamenta-nao-aprovacao-de-pl-que-pedia-mais-transparencia-na-locacao-de-predios-de-uso-da-prefeitura","status":"publish","type":"post","link":"https:\/\/blogdoedvaldomagalhaes.com.br\/index.php\/2021\/09\/16\/fagner-lamenta-nao-aprovacao-de-pl-que-pedia-mais-transparencia-na-locacao-de-predios-de-uso-da-prefeitura\/","title":{"rendered":"Fagner lamenta n\u00e3o aprova\u00e7\u00e3o de PL que pedia mais transpar\u00eancia na loca\u00e7\u00e3o de pr\u00e9dios de uso da prefeitura"},"content":{"rendered":"<p style=\"text-align: justify;\"><span style=\"font-size: inherit;\">O vereador Fagner Fernandes (PDT) lamentou a vota\u00e7\u00e3o contr\u00e1ria ao Projeto de Lei (n\u00ba 8.272\/2019), durante Sess\u00e3o Plen\u00e1ria desta quinta-feira (16). De autoria do parlamentar, o PL solicitava a obrigatoriedade de coloca\u00e7\u00e3o de placa indicativa de loca\u00e7\u00e3o nos pr\u00e9dios utilizados pela Administra\u00e7\u00e3o P\u00fablica Direta e Indireta no \u00e2mbito Municipal.<\/span><\/p>\n<p style=\"text-align: justify;\">Segundo Fagner, com a cria\u00e7\u00e3o da Lei, a prefeitura de Caruaru atuaria com transpar\u00eancia informando a data de in\u00edcio do contrato de loca\u00e7\u00e3o; o valor da loca\u00e7\u00e3o; e o tempo de dura\u00e7\u00e3o e objeto do contrato. \u201cTrata-se de uma forma de assegurar \u00e0 popula\u00e7\u00e3o a possibilidade de fiscalizar o uso dos recursos p\u00fablicos, bem como, de exercer a sua cidadania. Atrav\u00e9s deste projeto pretendia-se ampliar a transpar\u00eancia e, consequentemente, melhorar a gest\u00e3o p\u00fablica. Lamentamos muito n\u00e3o aprovarmos o projeto, que beneficiaria o caruaruense\u201d, destacou o vereador.<\/p>\n<p style=\"text-align: justify;\">Al\u00e9m de Fagner Fernandes, votaram a favor do projeto os parlamentares Perp\u00e9tua Dantas, Ranilson Enfermeiro e Cabo Cardoso.<\/p>\n","protected":false},"excerpt":{"rendered":"<p>O vereador Fagner Fernandes (PDT) lamentou a vota\u00e7\u00e3o contr\u00e1ria ao Projeto de Lei (n\u00ba 8.272\/2019), durante Sess\u00e3o Plen\u00e1ria desta quinta-feira&hellip;<\/p>\n","protected":false},"author":1,"featured_media":74810,"comment_status":"open","ping_status":"open","sticky":false,"template":"","format":"standard","meta":{"footnotes":""},"categories":[14122],"tags":[2,19532,3406,22817,20],"class_list":["post-74809","post","type-post","status-publish","format-standard","has-post-thumbnail","hentry","category-politica","tag-blog-do-edvaldo-magalhaes","tag-blog-mais-acessado-e-visualizado-de-caruaru-e-regiao","tag-caruaru","tag-fagner-lamenta-nao-aprovacao-de-pl-que-pedia-mais-transparencia-na-locacao-de-predios-de-uso-da-prefeitura","tag-politica"],"_links":{"self":[{"href":"https:\/\/blogdoedvaldomagalhaes.com.br\/index.php\/wp-json\/wp\/v2\/posts\/74809","targetHints":{"allow":["GET"]}}],"collection":[{"href":"https:\/\/blogdoedvaldomagalhaes.com.br\/index.php\/wp-json\/wp\/v2\/posts"}],"about":[{"href":"https:\/\/blogdoedvaldomagalhaes.com.br\/index.php\/wp-json\/wp\/v2\/types\/post"}],"author":[{"embeddable":true,"href":"https:\/\/blogdoedvaldomagalhaes.com.br\/index.php\/wp-json\/wp\/v2\/users\/1"}],"replies":[{"embeddable":true,"href":"https:\/\/blogdoedvaldomagalhaes.com.br\/index.php\/wp-json\/wp\/v2\/comments?post=74809"}],"version-history":[{"count":1,"href":"https:\/\/blogdoedvaldomagalhaes.com.br\/index.php\/wp-json\/wp\/v2\/posts\/74809\/revisions"}],"predecessor-version":[{"id":74811,"href":"https:\/\/blogdoedvaldomagalhaes.com.br\/index.php\/wp-json\/wp\/v2\/posts\/74809\/revisions\/74811"}],"wp:featuredmedia":[{"embeddable":true,"href":"https:\/\/blogdoedvaldomagalhaes.com.br\/index.php\/wp-json\/wp\/v2\/media\/74810"}],"wp:attachment":[{"href":"https:\/\/blogdoedvaldomagalhaes.com.br\/index.php\/wp-json\/wp\/v2\/media?parent=74809"}],"wp:term":[{"taxonomy":"category","embeddable":true,"href":"https:\/\/blogdoedvaldomagalhaes.com.br\/index.php\/wp-json\/wp\/v2\/categories?post=74809"},{"taxonomy":"post_tag","embeddable":true,"href":"https:\/\/blogdoedvaldomagalhaes.com.br\/index.php\/wp-json\/wp\/v2\/tags?post=74809"}],"curies":[{"name":"wp","href":"https:\/\/api.w.org\/{rel}","templated":true}]}}