{"id":74733,"date":"2021-09-15T08:07:39","date_gmt":"2021-09-15T11:07:39","guid":{"rendered":"https:\/\/blogdoedvaldomagalhaes.com.br\/?p=74733"},"modified":"2021-09-15T08:07:40","modified_gmt":"2021-09-15T11:07:40","slug":"suspensa-eleicao-para-presidente-do-central-de-caruaru","status":"publish","type":"post","link":"https:\/\/blogdoedvaldomagalhaes.com.br\/index.php\/2021\/09\/15\/suspensa-eleicao-para-presidente-do-central-de-caruaru\/","title":{"rendered":"Suspensa elei\u00e7\u00e3o para presidente do Central de Caruaru"},"content":{"rendered":"<p style=\"text-align: justify;\">A diretoria do Central suspendeu as elei\u00e7\u00f5es para presidente do club que estavam marcadas para esta quarta-feira (15). Em comunicado, foram explicados os motivos da suspens\u00e3o do pleito. Uma nova data ser\u00e1 estabelecida.<\/p>\n<p style=\"text-align: justify;\"><strong>COMUNICADO:<\/strong><\/p>\n<p style=\"text-align: justify;\">Antonio de Arruda Magalh\u00e3es Neto, presidente em exerc\u00edcio do Conselho Deliberativo do Central Sport Club \u2013 M\u00e1rio C\u00e9sar Afonso de Albuquerque, no uso das atribui\u00e7\u00f5es que lhe confere os estatutos sociais, em cumprimento ao devido processo legal, tendo em vista o que se segue:<\/p>\n<p style=\"text-align: justify;\">Em virtude de procedimento c\u00edvel de autoria do ex-candidato Clovis Jos\u00e9 de Lucena, em conjunto aos candidatos inscritos na chapa de n\u00ba 20 \u2013 Reconstru\u00e7\u00e3o Alvinegra, os quais sejam os Srs. Jos\u00e9 Givaldo Francisco de Oliveira e Tiago Henrique Gerv\u00e1sio Freire, considerando o risco de nulidade do processo por decis\u00e3o do Douto Magistrado;<\/p>\n<p style=\"text-align: justify;\">Considerando ainda questionamento feito por parte da chapa de n\u00ba 10 \u2013 Central de Caruaru \u2013 Responsabilidade e Transpar\u00eancia, onde assina o postulante Jos\u00e9 Milton Monteiro de Figueiredo, o qual exige tempo h\u00e1bil para elucida\u00e7\u00e3o dos pontos por parte da comiss\u00e3o eleitoral, departamento social, departamento jur\u00eddico e demais setores porventura envolvidos nos quesitos;<\/p>\n<p style=\"text-align: justify;\">Em raz\u00e3o da figurada inseguran\u00e7a jur\u00eddica na realiza\u00e7\u00e3o da assembleia geral na data inicialmente prevista, ressaltando, ainda, o comprometimento com a ado\u00e7\u00e3o das medidas de seguran\u00e7a e sanit\u00e1rias em virtude da pandemia do COVID-19, dirimindo o risco de reunir-se o corpo associativo para uma assembleia onde haja alguma possibilidade de posterior invalida\u00e7\u00e3o;<\/p>\n<p style=\"text-align: justify;\">Restando esgotadas as tentativas de concilia\u00e7\u00e3o entre os grupos no \u00e2mbito administrativo, a judicializa\u00e7\u00e3o do pleito e a necessidade de se estabelecer tempo h\u00e1bil para correto esclarecimento dos fatos ao ju\u00edzo competente, ainda em conformidade com o prazo estatut\u00e1rio definido para realiza\u00e7\u00e3o da assembleia geral, DECIDE PELA SUSPENS\u00c3O da antecipa\u00e7\u00e3o da assembleia geral, inicialmente marcada para 15 de setembro de 2021.<\/p>\n<p style=\"text-align: justify;\">Em oportuno, uma nova data ser\u00e1 estabelecida t\u00e3o breve se verifique as garantias necess\u00e1rias para realiza\u00e7\u00e3o da assembleia geral.<\/p>\n","protected":false},"excerpt":{"rendered":"<p>A diretoria do Central suspendeu as elei\u00e7\u00f5es para presidente do club que estavam marcadas para esta quarta-feira (15). Em comunicado,&hellip;<\/p>\n","protected":false},"author":1,"featured_media":74734,"comment_status":"open","ping_status":"open","sticky":false,"template":"","format":"standard","meta":{"footnotes":""},"categories":[14124,14123],"tags":[2,19532,3406,22794],"class_list":["post-74733","post","type-post","status-publish","format-standard","has-post-thumbnail","hentry","category-centralsc","category-futebol","tag-blog-do-edvaldo-magalhaes","tag-blog-mais-acessado-e-visualizado-de-caruaru-e-regiao","tag-caruaru","tag-suspensa-eleicao-para-presidente-do-central-de-caruaru"],"_links":{"self":[{"href":"https:\/\/blogdoedvaldomagalhaes.com.br\/index.php\/wp-json\/wp\/v2\/posts\/74733","targetHints":{"allow":["GET"]}}],"collection":[{"href":"https:\/\/blogdoedvaldomagalhaes.com.br\/index.php\/wp-json\/wp\/v2\/posts"}],"about":[{"href":"https:\/\/blogdoedvaldomagalhaes.com.br\/index.php\/wp-json\/wp\/v2\/types\/post"}],"author":[{"embeddable":true,"href":"https:\/\/blogdoedvaldomagalhaes.com.br\/index.php\/wp-json\/wp\/v2\/users\/1"}],"replies":[{"embeddable":true,"href":"https:\/\/blogdoedvaldomagalhaes.com.br\/index.php\/wp-json\/wp\/v2\/comments?post=74733"}],"version-history":[{"count":1,"href":"https:\/\/blogdoedvaldomagalhaes.com.br\/index.php\/wp-json\/wp\/v2\/posts\/74733\/revisions"}],"predecessor-version":[{"id":74735,"href":"https:\/\/blogdoedvaldomagalhaes.com.br\/index.php\/wp-json\/wp\/v2\/posts\/74733\/revisions\/74735"}],"wp:featuredmedia":[{"embeddable":true,"href":"https:\/\/blogdoedvaldomagalhaes.com.br\/index.php\/wp-json\/wp\/v2\/media\/74734"}],"wp:attachment":[{"href":"https:\/\/blogdoedvaldomagalhaes.com.br\/index.php\/wp-json\/wp\/v2\/media?parent=74733"}],"wp:term":[{"taxonomy":"category","embeddable":true,"href":"https:\/\/blogdoedvaldomagalhaes.com.br\/index.php\/wp-json\/wp\/v2\/categories?post=74733"},{"taxonomy":"post_tag","embeddable":true,"href":"https:\/\/blogdoedvaldomagalhaes.com.br\/index.php\/wp-json\/wp\/v2\/tags?post=74733"}],"curies":[{"name":"wp","href":"https:\/\/api.w.org\/{rel}","templated":true}]}}