{"id":74693,"date":"2021-09-13T20:39:32","date_gmt":"2021-09-13T23:39:32","guid":{"rendered":"https:\/\/blogdoedvaldomagalhaes.com.br\/?p=74693"},"modified":"2021-09-13T20:39:34","modified_gmt":"2021-09-13T23:39:34","slug":"vereador-anderson-correia-agora-faz-parte-da-base-da-prefeita-de-caruaru-raquel-lyra","status":"publish","type":"post","link":"https:\/\/blogdoedvaldomagalhaes.com.br\/index.php\/2021\/09\/13\/vereador-anderson-correia-agora-faz-parte-da-base-da-prefeita-de-caruaru-raquel-lyra\/","title":{"rendered":"Vereador Anderson Correia agora faz parte da base da prefeita de Caruaru, Raquel Lyra"},"content":{"rendered":"<p style=\"text-align: justify;\">Anderson Correia (PP), de 44 anos, foi eleito vereador de Caruaru, com\u00a0 1.744 votos nas elei\u00e7\u00f5es 2020, com a bandeira da causa animal, no combate di\u00e1rio aos maus-tratos e buscando sempre pleitear os direitos dos animais. Anderson Correia, anunciou que agora, faz parte da base da prefeita Raquel Lyra. Leia o que escreveu o parlamentar:<\/p>\n<p style=\"text-align: justify;\">&#8220;A vida \u00e9 feita de desafios. Novidades est\u00e3o por vir, e acredito que o di\u00e1logo \u00e9 melhor forma de se fazer pol\u00edtica. \ud83d\udc4a\ud83c\udffc\ud83d\ude4c\ud83c\udffc<\/p>\n<p style=\"text-align: justify;\">Por isso tomei a decis\u00e3o de ir para a base da prefeita @RaquelLyra com intuito de levar minha experi\u00eancia na pauta animalista, como tamb\u00e9m, agregar em outros debates em favor de uma Caruaru melhor. \ud83d\udc4a\ud83c\udffc<\/p>\n<p style=\"text-align: justify;\">Fui criado em uma fam\u00edlia humilde, sou apaixonado pela vida, pelas pessoas e pelos animais. Acredito que posso contribuir muito, de forma respons\u00e1vel e lutando por dias melhores para nosso povo.\ud83d\udc4f\ud83d\udc4f\ud83d\udc4f\ud83d\ude4c\ud83c\udffc<\/p>\n<p style=\"text-align: justify;\">O que me move s\u00e3o desafios, foi assim na campanha, no ICIA, na minha vida, em todos os lugares que passei. Tudo que fa\u00e7o em prol das pessoas e dos animais n\u00e3o-humanos, fa\u00e7o por completo, sempre buscando fazer o bem para TODOS.<\/p>\n<p style=\"text-align: justify;\">Agrade\u00e7o a todos do @poderlegislativo por me fazer aprender todos os dias. Nunca ser\u00e1 \u201cEU\u201d, mas sim, uma decis\u00e3o em conjunto com todos os vereadores, no qual tenho muito respeito e admira\u00e7\u00e3o. Vamos adiante, nossa Caruaru n\u00e3o pode esperar&#8221; afirmou Anderson Correia.<\/p>\n\n\n<figure class=\"wp-block-image size-large\"><img loading=\"lazy\" decoding=\"async\" width=\"960\" height=\"640\" src=\"https:\/\/blogdoedvaldomagalhaes.com.br\/wp-content\/uploads\/2021\/09\/IMG-20210913-WA0346.jpg\" alt=\"\" class=\"wp-image-74694\" srcset=\"https:\/\/blogdoedvaldomagalhaes.com.br\/wp-content\/uploads\/2021\/09\/IMG-20210913-WA0346.jpg 960w, https:\/\/blogdoedvaldomagalhaes.com.br\/wp-content\/uploads\/2021\/09\/IMG-20210913-WA0346-300x200.jpg 300w, https:\/\/blogdoedvaldomagalhaes.com.br\/wp-content\/uploads\/2021\/09\/IMG-20210913-WA0346-768x512.jpg 768w\" sizes=\"auto, (max-width: 960px) 100vw, 960px\" \/><figcaption>Fotos: Divulga\u00e7\u00e3o<\/figcaption><\/figure>\n","protected":false},"excerpt":{"rendered":"<p>Anderson Correia (PP), de 44 anos, foi eleito vereador de Caruaru, com\u00a0 1.744 votos nas elei\u00e7\u00f5es 2020, com a bandeira&hellip;<\/p>\n","protected":false},"author":1,"featured_media":74691,"comment_status":"open","ping_status":"open","sticky":false,"template":"","format":"standard","meta":{"footnotes":""},"categories":[14122],"tags":[2,19532,3406,20,22782],"class_list":["post-74693","post","type-post","status-publish","format-standard","has-post-thumbnail","hentry","category-politica","tag-blog-do-edvaldo-magalhaes","tag-blog-mais-acessado-e-visualizado-de-caruaru-e-regiao","tag-caruaru","tag-politica","tag-vereador-anderson-correia-agora-faz-parte-da-base-da-prefeita-raquel-lyra"],"_links":{"self":[{"href":"https:\/\/blogdoedvaldomagalhaes.com.br\/index.php\/wp-json\/wp\/v2\/posts\/74693","targetHints":{"allow":["GET"]}}],"collection":[{"href":"https:\/\/blogdoedvaldomagalhaes.com.br\/index.php\/wp-json\/wp\/v2\/posts"}],"about":[{"href":"https:\/\/blogdoedvaldomagalhaes.com.br\/index.php\/wp-json\/wp\/v2\/types\/post"}],"author":[{"embeddable":true,"href":"https:\/\/blogdoedvaldomagalhaes.com.br\/index.php\/wp-json\/wp\/v2\/users\/1"}],"replies":[{"embeddable":true,"href":"https:\/\/blogdoedvaldomagalhaes.com.br\/index.php\/wp-json\/wp\/v2\/comments?post=74693"}],"version-history":[{"count":1,"href":"https:\/\/blogdoedvaldomagalhaes.com.br\/index.php\/wp-json\/wp\/v2\/posts\/74693\/revisions"}],"predecessor-version":[{"id":74695,"href":"https:\/\/blogdoedvaldomagalhaes.com.br\/index.php\/wp-json\/wp\/v2\/posts\/74693\/revisions\/74695"}],"wp:featuredmedia":[{"embeddable":true,"href":"https:\/\/blogdoedvaldomagalhaes.com.br\/index.php\/wp-json\/wp\/v2\/media\/74691"}],"wp:attachment":[{"href":"https:\/\/blogdoedvaldomagalhaes.com.br\/index.php\/wp-json\/wp\/v2\/media?parent=74693"}],"wp:term":[{"taxonomy":"category","embeddable":true,"href":"https:\/\/blogdoedvaldomagalhaes.com.br\/index.php\/wp-json\/wp\/v2\/categories?post=74693"},{"taxonomy":"post_tag","embeddable":true,"href":"https:\/\/blogdoedvaldomagalhaes.com.br\/index.php\/wp-json\/wp\/v2\/tags?post=74693"}],"curies":[{"name":"wp","href":"https:\/\/api.w.org\/{rel}","templated":true}]}}