{"id":74687,"date":"2021-09-13T19:26:29","date_gmt":"2021-09-13T22:26:29","guid":{"rendered":"https:\/\/blogdoedvaldomagalhaes.com.br\/?p=74687"},"modified":"2021-09-13T19:26:31","modified_gmt":"2021-09-13T22:26:31","slug":"taxa-de-transmissao-da-covid-19-esta-abaixo-de-um-ha-tres-meses-em-pernambuco","status":"publish","type":"post","link":"https:\/\/blogdoedvaldomagalhaes.com.br\/index.php\/2021\/09\/13\/taxa-de-transmissao-da-covid-19-esta-abaixo-de-um-ha-tres-meses-em-pernambuco\/","title":{"rendered":"Taxa de transmiss\u00e3o da Covid-19 est\u00e1 abaixo de um h\u00e1 tr\u00eas meses em Pernambuco"},"content":{"rendered":"<p style=\"text-align: justify;\">A taxa de transmiss\u00e3o da Covid-19 em Pernambuco segue abaixo de 1 pelo terceiro m\u00eas seguido. O \u00faltimo \u00edndice, divulgado na sexta-feira (11), aponta a taxa de transmiss\u00e3o em 0,89. Isso significa que cada 100 pessoas podem transmitir o novo coronav\u00edrus para outras 89, em progress\u00e3o decrescente. Os n\u00fameros s\u00e3o do grupo Covid-19 Analytics \u2013 formado por pesquisadores da Pontif\u00edcia Universidade Cat\u00f3lica (PUC) do Rio de Janeiro.<\/p>\n<p style=\"text-align: justify;\">A redu\u00e7\u00e3o da taxa de transmiss\u00e3o \u00e9 fruto do avan\u00e7o da vacina\u00e7\u00e3o e do trabalho para conter o novo coronav\u00edrus em todo o Estado. Mesmo assim, o momento n\u00e3o permite que abaixemos a guarda. O uso da m\u00e1scara, higieniza\u00e7\u00e3o das m\u00e3os, distanciamento social e prefer\u00eancia por locais arejados continuam sendo fundamentais para que a taxa permane\u00e7a sendo reduzida.<\/p>\n<p style=\"text-align: justify;\"><span lang=\"PT\">A\u00a0Secretaria\u00a0Estadual\u00a0de\u00a0Sa\u00fade\u00a0(SES-PE)\u00a0registrou,\u00a0nesta segunda-feira (13\/09), 90 casos da Covid-19. Entre os confirmados hoje, 15 (17%) s\u00e3o casos de S\u00edndrome Respirat\u00f3ria Aguda Grave (SRAG) e 75 (83%) s\u00e3o leves. Agora, Pernambuco totaliza 613.526 casos confirmados da doen\u00e7a, sendo 53.658 graves e 559.868 leves,\u00a0que\u00a0est\u00e3o\u00a0distribu\u00eddos\u00a0por\u00a0todos\u00a0os\u00a0184\u00a0munic\u00edpios\u00a0pernambucanos,\u00a0al\u00e9m\u00a0do\u00a0arquip\u00e9lago\u00a0de\u00a0Fernando\u00a0de\u00a0Noronha.<\/span><\/p>\n<p style=\"text-align: justify;\"><span lang=\"PT\">Al\u00e9m disso, o boletim registra um total de 548.390 pacientes recuperados da doen\u00e7a. Destes,\u00a032.067 eram pacientes graves, que necessitaram de internamento hospitalar, e 516.323 eram\u00a0casos\u00a0leves.<\/span><\/p>\n<p style=\"text-align: justify;\"><span lang=\"PT\">Tamb\u00e9m foram confirmados laboratorialmente 13 novos \u00f3bitos (7 masculinos e 6 femininos),\u00a0ocorridos entre os dias\u00a003\/06\/2021 e 12\/09\/2021. As novas mortes s\u00e3o de pessoas residentes\u00a0dos\u00a0munic\u00edpios de Carpina (2), Goiana (1), Joaquim Nabuco (1), Palmares (2), Recife (6) e \u00a0Sert\u00e2nia (1). Com\u00a0isso,\u00a0o\u00a0Estado\u00a0totaliza\u00a019.552 mortes\u00a0pela\u00a0doen\u00e7a.<\/span><\/p>\n<p style=\"text-align: justify;\"><span lang=\"PT\">Os pacientes tinham idades entre 34 e 82 anos. As faixas et\u00e1rias s\u00e3o: 30 a 39 (2), 40 a 49 (1), 50 a 59 (3), 60 a 69 (3), 70 a 79 (2) e 80 e mais (2). Desse total, dez tinham doen\u00e7as preexistentes: diabetes (5), doen\u00e7a cardiovascular (4), obesidade (2), tabagismo\/hist\u00f3rico de tabagismo (2), hipertens\u00e3o (1), doen\u00e7a cromoss\u00f4mica (1), doen\u00e7a respirat\u00f3ria (1), doen\u00e7a renal (1) e doen\u00e7a neurol\u00f3gica (1) &#8211; um paciente pode ter mais de uma comorbidade. Os demais seguem em investiga\u00e7\u00e3o.<\/span><\/p>\n<p style=\"text-align: justify;\"><b><span lang=\"PT\">TERCEIRA DOSE<\/span><\/b><span lang=\"PT\">\u00a0<b>E MOBILIZA\u00c7\u00c3O<\/b>\u00a0\u2013 A Secretaria Estadual de Sa\u00fade (SES-PE) promoveu, nesta segunda-feira (13\/09), reuni\u00e3o da Comiss\u00e3o Intergestora Bipartite (CIB) junto aos munic\u00edpios pernambucanos para discutir e pactuar a utiliza\u00e7\u00e3o da dose de refor\u00e7o de vacinas contra a Covid-19 (3\u00aa dose) &#8211; que deve ser direcionada para idosos acima de 70 anos e imunossuprimidos graves &#8211; al\u00e9m de definir uma grande mobiliza\u00e7\u00e3o para aplica\u00e7\u00e3o da segunda dose em todo o Estado &#8211; com o objetivo de ampliar o n\u00famero de pessoas com o esquema vacinal completo.<\/span><\/p>\n<p style=\"text-align: justify;\"><span lang=\"PT\">&#8220;Pactuamos uma grande mobiliza\u00e7\u00e3o destinada para aplica\u00e7\u00e3o da segunda dose, envolvendo todos os munic\u00edpios pernambucanos, sendo definido o &#8220;Dia D&#8221; em 25 de setembro. Essa convoca\u00e7\u00e3o juntos \u00e0s cidades \u00e9 fundamental para que possamos avan\u00e7ar conjuntamente na imuniza\u00e7\u00e3o em nosso Estado e garantir a continuidade do esquema, j\u00e1 que mais de 600 mil doses, de diversas fabricantes, est\u00e3o em atraso. A proposta \u00e9 que os munic\u00edpios realizem j\u00e1 a partir da pr\u00f3xima semana suas a\u00e7\u00f5es estrat\u00e9gicas que devem culminar com o Dia D, impulsionando nossa cobertura de segunda dose. N\u00e3o podemos esquecer, ainda, da presen\u00e7a do v\u00edrus da variante delta em circula\u00e7\u00e3o no nosso Estado&#8221;, afirma o secret\u00e1rio estadual de Sa\u00fade, Andr\u00e9 Longo.\u00a0<\/span><\/p>\n<p style=\"text-align: justify;\"><span lang=\"PT\">Para administra\u00e7\u00e3o de refor\u00e7o de vacinas contra a Covid-19 (3\u00aa dose), a estrat\u00e9gia a ser adotada, inicialmente, \u00e9 a aplica\u00e7\u00e3o de doses em todos os idosos acima de 70 anos que dever\u00e1 ocorrer seis meses ap\u00f3s a \u00faltima dose do esquema vacinal (segunda dose ou dose \u00fanica), independentemente do imunizante aplicado. Para os idosos que vivem Institui\u00e7\u00f5es de Longa Perman\u00eancia a vacina\u00e7\u00e3o j\u00e1 pode ser realizada acima dos 60 anos.<\/span><\/p>\n<p style=\"text-align: justify;\"><span lang=\"PT\">Outro grupo a ser beneficiado s\u00e3o os indiv\u00edduos com alto grau de imunossupress\u00e3o (transplantados, pessoas vivendo com HIV\/Aids, indiv\u00edduos que est\u00e3o realizando quimioterapia, al\u00e9m de pacientes em hemodi\u00e1lise). Neste grupo o intervalo para a dose de refor\u00e7o dever\u00e1 ser de 28 dias ap\u00f3s a \u00faltima dose do esquema b\u00e1sico.<\/span><\/p>\n<p style=\"text-align: justify;\"><span lang=\"PT\">A vacina a ser utilizada para a dose adicional dever\u00e1 ser, preferencialmente, Pfizer ou, de maneira alternativa, Janssen ou Astrazeneca. &#8220;A princ\u00edpio, segundo orienta\u00e7\u00f5es do Minist\u00e9rio da Sa\u00fade, esses dois grupos devem ser favorecidos. No entanto, com o avan\u00e7o da vacina\u00e7\u00e3o nas demais faixas et\u00e1rias, a depender da evolu\u00e7\u00e3o da epidemia no pa\u00eds, bem como o surgimento de novas evid\u00eancias cient\u00edficas, a administra\u00e7\u00e3o de doses adicionais para outros grupos poder\u00e1 ser considerada&#8221;, pontua a superintendente de Imuniza\u00e7\u00f5es do Estado, Ana Catarina de Melo. As doses de refor\u00e7o devem ser distribu\u00eddas aos munic\u00edpios a partir do dia 15 de setembro, data definida pelo MS para o envio dos imunizantes ao Estado.<\/span><\/p>\n<p style=\"text-align: justify;\"><span lang=\"PT\">&#8220;Assim que as doses chegarem ao Estado, convocamos esses grupos a tomarem a 3\u00aa dose da vacina, pois sabemos que \u00e9 importante para garantir uma imunidade mais eficiente contra o v\u00edrus. Tamb\u00e9m sabemos que a segunda dose da vacina \u00e9 fundamental para o n\u00e3o agravamento dos casos, por isso, os munic\u00edpios est\u00e3o empenhados nessa grande mobiliza\u00e7\u00e3o que ocorrer\u00e1 na pr\u00f3xima semana&#8221;, afirma o presidente do Conselho de Secretarias Municipais de Sa\u00fade de Pernambuco (Cosems-PE), Jos\u00e9 Edson de Souza.<\/span><\/p>\n<p style=\"text-align: justify;\"><b><span lang=\"PT\">MAIS VACINAS &#8211;<\/span><\/b><span lang=\"PT\">\u00a0Mais 232.830 doses do imunizante contra a Covid-19 da Pfizer\/BioNTech chegaram a Pernambuco, na manh\u00e3 desta segunda-feira (13.09). O voo trazendo 34 volumes da carga aterrissou no Aeroporto Internacional do Recife\/Guararapes \u2013 Gilberto Freyre, \u00e0s 10h, e os insumos seguiram para a sede do Programa Estadual de Imuniza\u00e7\u00e3o (PNI-PE) para confer\u00eancia de temperatura e separa\u00e7\u00e3o dos quantitativos que ser\u00e3o destinados aos munic\u00edpios do Estado. No fim da manh\u00e3, outro voo chegou ao Estado transportando 19.395 frascos do diluente utilizado na prepara\u00e7\u00e3o da vacina antes da aplica\u00e7\u00e3o. O repasse do insumo, feito pelo Minist\u00e9rio da Sa\u00fade (MS), estava atrasado h\u00e1 mais de 20 dias.<\/span><\/p>\n<p style=\"text-align: justify;\"><span lang=\"PT\">\u201cAs doses de vacinas recebidas esta manh\u00e3 ser\u00e3o destinadas para iniciar novos esquemas vacinais de adolescentes com comorbidades e popula\u00e7\u00e3o acima dos 18 anos. Assim, ser\u00e1 poss\u00edvel seguir avan\u00e7ando no andamento da imuniza\u00e7\u00e3o em nosso Estado\u201d, detalhou o governador Paulo C\u00e2mara.<\/span><\/p>\n<p style=\"text-align: justify;\"><span lang=\"PT\">De acordo com o secret\u00e1rio de sa\u00fade, Andr\u00e9 Longo, a chegada dos frascos do diluente \u00e9 importante para garantir o processo de vacina\u00e7\u00e3o. \u201cO insumo \u00e9 utilizado obrigatoriamente na prepara\u00e7\u00e3o da vacina deste fabricante e nos assegura dar seguimento procedimento. Estamos com a expectativa do recebimento de nova remessa de diluentes ainda esta semana\u201d, afirmou.<\/span><\/p>\n<p style=\"text-align: justify;\"><span lang=\"PT\">Desde o in\u00edcio da campanha de vacina\u00e7\u00e3o, em janeiro deste ano, Pernambuco j\u00e1 recebeu 11.358.440 doses de vacinas contra a Covid-19. Desse total, foram 4.169.020 da Astrazeneca\/Oxford\/Fiocruz, 4.203.320 da Coronavac\/Butantan, 2.813.850 da Pfizer\/BioNTech e 172.250 da Janssen.<\/span><\/p>\n<p style=\"text-align: justify;\"><b><span lang=\"PT\">BALAN\u00c7O DA VACINA\u00c7\u00c3O &#8211;<\/span><\/b><span lang=\"PT\">\u00a0Pernambuco j\u00e1 aplicou 8.810.758 doses de vacinas contra a Covid-19 na sua popula\u00e7\u00e3o, desde o in\u00edcio da campanha de imuniza\u00e7\u00e3o no Estado (no dia 18 de janeiro de 2021).<\/span><\/p>\n<p style=\"text-align: justify;\"><span lang=\"PT\">Com rela\u00e7\u00e3o \u00e0s primeiras doses, foram 5.942.401 aplica\u00e7\u00f5es (cobertura de 71,50%). Do total, 2.868.357 pernambucanos (34,51%) j\u00e1 completaram seus esquemas vacinais, sendo 2.695.366 pessoas que foram vacinadas com imunizantes aplicados em duas doses e outros 172.991 pernambucanos que foram contemplados com vacina aplicada em dose \u00fanica.<\/span><\/p>\n<p style=\"text-align: justify;\"><span lang=\"PT\">Outras informa\u00e7\u00f5es detalhadas sobre a popula\u00e7\u00e3o vacinada contra a Covid-19 est\u00e3o dispon\u00edveis no Painel de Acompanhamento Vacinal, que pode ser acessado pelo\u00a0<a href=\"https:\/\/bit.ly\/3xteooh\" target=\"_blank\" rel=\"noopener noreferrer\" data-saferedirecturl=\"https:\/\/www.google.com\/url?q=https:\/\/bit.ly\/3xteooh&amp;source=gmail&amp;ust=1631656382554000&amp;usg=AFQjCNEcakRnxZYdu5wayB-do_CYcEqNgQ\">https:\/\/bit.ly\/3xteooh<\/a>. No ambiente on-line, h\u00e1 as coberturas por grupo e por munic\u00edpios, doses aplicadas x distribu\u00eddas por cidade, perfil dos vacinados (sexo, ra\u00e7a\/cor). H\u00e1, ainda, as bases de dados para download.<\/span><\/p>\n","protected":false},"excerpt":{"rendered":"<p>A taxa de transmiss\u00e3o da Covid-19 em Pernambuco segue abaixo de 1 pelo terceiro m\u00eas seguido. O \u00faltimo \u00edndice, divulgado&hellip;<\/p>\n","protected":false},"author":1,"featured_media":74688,"comment_status":"open","ping_status":"open","sticky":false,"template":"","format":"standard","meta":{"footnotes":""},"categories":[14120],"tags":[2,19532,3406,17559,19670,22781],"class_list":["post-74687","post","type-post","status-publish","format-standard","has-post-thumbnail","hentry","category-noticias","tag-blog-do-edvaldo-magalhaes","tag-blog-mais-acessado-e-visualizado-de-caruaru-e-regiao","tag-caruaru","tag-covid-19","tag-novo-coronavirus","tag-taxa-de-transmissao-da-covid-19-esta-abaixo-de-um-ha-tres-meses-em-pernambuco"],"_links":{"self":[{"href":"https:\/\/blogdoedvaldomagalhaes.com.br\/index.php\/wp-json\/wp\/v2\/posts\/74687","targetHints":{"allow":["GET"]}}],"collection":[{"href":"https:\/\/blogdoedvaldomagalhaes.com.br\/index.php\/wp-json\/wp\/v2\/posts"}],"about":[{"href":"https:\/\/blogdoedvaldomagalhaes.com.br\/index.php\/wp-json\/wp\/v2\/types\/post"}],"author":[{"embeddable":true,"href":"https:\/\/blogdoedvaldomagalhaes.com.br\/index.php\/wp-json\/wp\/v2\/users\/1"}],"replies":[{"embeddable":true,"href":"https:\/\/blogdoedvaldomagalhaes.com.br\/index.php\/wp-json\/wp\/v2\/comments?post=74687"}],"version-history":[{"count":1,"href":"https:\/\/blogdoedvaldomagalhaes.com.br\/index.php\/wp-json\/wp\/v2\/posts\/74687\/revisions"}],"predecessor-version":[{"id":74689,"href":"https:\/\/blogdoedvaldomagalhaes.com.br\/index.php\/wp-json\/wp\/v2\/posts\/74687\/revisions\/74689"}],"wp:featuredmedia":[{"embeddable":true,"href":"https:\/\/blogdoedvaldomagalhaes.com.br\/index.php\/wp-json\/wp\/v2\/media\/74688"}],"wp:attachment":[{"href":"https:\/\/blogdoedvaldomagalhaes.com.br\/index.php\/wp-json\/wp\/v2\/media?parent=74687"}],"wp:term":[{"taxonomy":"category","embeddable":true,"href":"https:\/\/blogdoedvaldomagalhaes.com.br\/index.php\/wp-json\/wp\/v2\/categories?post=74687"},{"taxonomy":"post_tag","embeddable":true,"href":"https:\/\/blogdoedvaldomagalhaes.com.br\/index.php\/wp-json\/wp\/v2\/tags?post=74687"}],"curies":[{"name":"wp","href":"https:\/\/api.w.org\/{rel}","templated":true}]}}