{"id":74673,"date":"2021-09-13T15:56:10","date_gmt":"2021-09-13T18:56:10","guid":{"rendered":"https:\/\/blogdoedvaldomagalhaes.com.br\/?p=74673"},"modified":"2021-09-13T15:56:11","modified_gmt":"2021-09-13T18:56:11","slug":"hmv-promove-acoes-em-celebracao-ao-setembro-verde-durante-03-dias-e-em-03-locais","status":"publish","type":"post","link":"https:\/\/blogdoedvaldomagalhaes.com.br\/index.php\/2021\/09\/13\/hmv-promove-acoes-em-celebracao-ao-setembro-verde-durante-03-dias-e-em-03-locais\/","title":{"rendered":"HMV promove a\u00e7\u00f5es em celebra\u00e7\u00e3o ao Setembro Verde durante 03 dias e em 03 locais"},"content":{"rendered":"<p style=\"text-align: justify;\"><span style=\"font-size: inherit;\">No dia 27 de setembro \u00e9 celebrado o Dia Nacional da Doa\u00e7\u00e3o de \u00d3rg\u00e3os, a data tem como objetivo refor\u00e7ar a conscientiza\u00e7\u00e3o sobre a import\u00e2ncia da doa\u00e7\u00e3o. Neste ano, durante os dias 23, 24 e 27 a equipe da Organiza\u00e7\u00e3o de Procura de \u00d3rg\u00e3os (OPO) ir\u00e1 realizar uma campanha com o intuito de orientar os profissionais de sa\u00fade e a popula\u00e7\u00e3o.<\/span><\/p>\n<p style=\"text-align: justify;\">A primeira parada ser\u00e1 no dia 23, a partir das 09h, no Hospital Regional do Agreste (HRA) onde a equipe ir\u00e1 realizar a orienta\u00e7\u00e3o dos profissionais, a entrega do cordel de incentivo \u00e0 doa\u00e7\u00e3o de \u00f3rg\u00e3os e tecidos, al\u00e9m do jogo de perguntas e respostas e a distribui\u00e7\u00e3o de brindes. J\u00e1 no dia 24, a partir das 11h, a mesma a\u00e7\u00e3o ser\u00e1 realizada no Hospital Mestre Vitalino (HMV). No dia 27 \u00e9 a vez de orientar a popula\u00e7\u00e3o no Marco Zero de Caruaru das 08h \u00e0s 12h.<\/p>\n<p style=\"text-align: justify;\">\u201cN\u00f3s estamos vivenciando o Setembro Verde, m\u00eas da conscientiza\u00e7\u00e3o da import\u00e2ncia da doa\u00e7\u00e3o de \u00f3rg\u00e3os. O intuito dessa a\u00e7\u00e3o ser\u00e1 esclarecer todas as d\u00favidas dos profissionais de sa\u00fade do HRA e do HMV sobre o processo de doa\u00e7\u00e3o, explicando detalhadamente e esclarecendo tamb\u00e9m como cada pessoa pode expressar o seu desejo em ser doador e avisar as suas fam\u00edlias, al\u00e9m disso, neste ano estaremos tamb\u00e9m no Centro para orientar a popula\u00e7\u00e3o\u201d, explicou Janine Duarte, enfermeira coordenadora da Organiza\u00e7\u00e3o de Procura de \u00d3rg\u00e3os &#8211; HMV.<\/p>\n<p>Atualmente para ser um doador de \u00f3rg\u00e3os basta que cada pessoa comunique a fam\u00edlia este desejo, al\u00e9m de conversar sobre o tema em seu meio social. Essa conduta possibilita que em um momento t\u00e3o delicado, como \u00e9 o da morte de um ente querido, a fam\u00edlia possa seguir com o processo de doa\u00e7\u00e3o.<\/p>\n","protected":false},"excerpt":{"rendered":"<p>No dia 27 de setembro \u00e9 celebrado o Dia Nacional da Doa\u00e7\u00e3o de \u00d3rg\u00e3os, a data tem como objetivo refor\u00e7ar&hellip;<\/p>\n","protected":false},"author":1,"featured_media":74674,"comment_status":"open","ping_status":"open","sticky":false,"template":"","format":"standard","meta":{"footnotes":""},"categories":[14120],"tags":[2,19532,3406,22778],"class_list":["post-74673","post","type-post","status-publish","format-standard","has-post-thumbnail","hentry","category-noticias","tag-blog-do-edvaldo-magalhaes","tag-blog-mais-acessado-e-visualizado-de-caruaru-e-regiao","tag-caruaru","tag-hmv-promove-acoes-em-celebracao-ao-setembro-verde-durante-tres-dias-e-em-tres-locais"],"_links":{"self":[{"href":"https:\/\/blogdoedvaldomagalhaes.com.br\/index.php\/wp-json\/wp\/v2\/posts\/74673","targetHints":{"allow":["GET"]}}],"collection":[{"href":"https:\/\/blogdoedvaldomagalhaes.com.br\/index.php\/wp-json\/wp\/v2\/posts"}],"about":[{"href":"https:\/\/blogdoedvaldomagalhaes.com.br\/index.php\/wp-json\/wp\/v2\/types\/post"}],"author":[{"embeddable":true,"href":"https:\/\/blogdoedvaldomagalhaes.com.br\/index.php\/wp-json\/wp\/v2\/users\/1"}],"replies":[{"embeddable":true,"href":"https:\/\/blogdoedvaldomagalhaes.com.br\/index.php\/wp-json\/wp\/v2\/comments?post=74673"}],"version-history":[{"count":1,"href":"https:\/\/blogdoedvaldomagalhaes.com.br\/index.php\/wp-json\/wp\/v2\/posts\/74673\/revisions"}],"predecessor-version":[{"id":74675,"href":"https:\/\/blogdoedvaldomagalhaes.com.br\/index.php\/wp-json\/wp\/v2\/posts\/74673\/revisions\/74675"}],"wp:featuredmedia":[{"embeddable":true,"href":"https:\/\/blogdoedvaldomagalhaes.com.br\/index.php\/wp-json\/wp\/v2\/media\/74674"}],"wp:attachment":[{"href":"https:\/\/blogdoedvaldomagalhaes.com.br\/index.php\/wp-json\/wp\/v2\/media?parent=74673"}],"wp:term":[{"taxonomy":"category","embeddable":true,"href":"https:\/\/blogdoedvaldomagalhaes.com.br\/index.php\/wp-json\/wp\/v2\/categories?post=74673"},{"taxonomy":"post_tag","embeddable":true,"href":"https:\/\/blogdoedvaldomagalhaes.com.br\/index.php\/wp-json\/wp\/v2\/tags?post=74673"}],"curies":[{"name":"wp","href":"https:\/\/api.w.org\/{rel}","templated":true}]}}