{"id":74670,"date":"2021-09-13T15:40:06","date_gmt":"2021-09-13T18:40:06","guid":{"rendered":"https:\/\/blogdoedvaldomagalhaes.com.br\/?p=74670"},"modified":"2021-09-13T15:40:07","modified_gmt":"2021-09-13T18:40:07","slug":"ex-atendida-pela-lbv-kamilla-cardoso-foi-destaque-na-estreia-na-selecao-brasileira-de-basquete","status":"publish","type":"post","link":"https:\/\/blogdoedvaldomagalhaes.com.br\/index.php\/2021\/09\/13\/ex-atendida-pela-lbv-kamilla-cardoso-foi-destaque-na-estreia-na-selecao-brasileira-de-basquete\/","title":{"rendered":"Ex-atendida pela LBV, Kamilla Cardoso foi destaque na estreia na sele\u00e7\u00e3o brasileira de basquete"},"content":{"rendered":"<p style=\"text-align: justify;\"><span style=\"font-size: inherit;\">Apesar da pouca idade, apenas 20 anos, a piv\u00f4 Kamilla Cardoso j\u00e1 escreve uma hist\u00f3ria de sucesso nas quadras. Na recente participa\u00e7\u00e3o da competi\u00e7\u00e3o AmeriCup 2021, entre 11 e 19 de junho, em San Juan, Porto Rico, vestindo a camisa da sele\u00e7\u00e3o brasileira de basquete feminino, ela conquistou, ao lado das demais atletas, a medalha de bronze, ap\u00f3s a vit\u00f3ria sobre o Canad\u00e1 por 87 a 82 na segunda prorroga\u00e7\u00e3o, um feito que traz a esperan\u00e7a de que nossa equipe possa evoluir e retornar \u00e0s competi\u00e7\u00f5es internacionais (Mundial e Olimp\u00edada). \u201cDemos o nosso m\u00e1ximo e deixamos tudo de n\u00f3s em quadra, principalmente contra o Canad\u00e1, que foi um jogo muito dif\u00edcil e emocionante\u201d, relembra a piv\u00f4.<\/span><\/p>\n<p style=\"text-align: justify;\">A mais jovem em quadra, Kamilla rendeu acima do esperado para uma estreante terminando o torneio como a melhor jogadora do Brasil no ranking de efici\u00eancia. Al\u00e9m disso, \u00e9 de se ressaltar a versatilidade da atleta e o \u00f3timo tempo de bola que possui para bloqueios e rebotes. Para ela, esse alto desempenho \u00e9 fruto tamb\u00e9m da conviv\u00eancia com outras jogadoras na sua posi\u00e7\u00e3o, \u201ccomo as experientes \u00c9rica, Clarissa e N\u00e1dia; o que foi muito bom para mim, porque eu pude aprender bastante com elas\u201d.<\/p>\n<p style=\"text-align: justify;\">Mas o que talvez muitos n\u00e3o saibam \u00e9 que essa gigante, tanto em altura (2,01m) como em talento para jogar, veio de fam\u00edlia humilde, que passou por grandes desafios em sua terra natal: Montes Claros, no norte de Minas Gerais. L\u00e1, naquele in\u00edcio de jornada, ela teve o apoio fundamental da Legi\u00e3o da Boa Vontade (LBV), onde participou dos 8 aos 10 anos de idade das atividades do servi\u00e7o de conviv\u00eancia Crian\u00e7a: Futuro no Presente!, no qual diz ter aprendido a desenvolver a disciplina e o respeito ao pr\u00f3ximo. \u201cEu tenho mem\u00f3rias marcantes da LBV, mas a que vai ficar gravada para sempre em meu cora\u00e7\u00e3o \u00e9 a disponibilidade dos educadores de cuidar das crian\u00e7as com muito Amor, carinho, fazendo tudo o que podiam, n\u00e3o deixando faltar nada para n\u00f3s.\u201d<\/p>\n<p style=\"text-align: justify;\">Olhando para seu pr\u00f3prio caminho, Kamilla ressaltou o valor do est\u00edmulo \u00e0 atividade f\u00edsica ainda na inf\u00e2ncia. \u201cNa minha opini\u00e3o, o esporte \u00e9 uma forma de as crian\u00e7as se divertirem e poderem ainda melhorar a vida, de tir\u00e1-las das ruas e incentiv\u00e1-las a seguir o caminho certo.\u201d<\/p>\n<p style=\"text-align: justify;\">Ao falar do grave per\u00edodo por que passa o pa\u00eds no combate ao novo coronav\u00edrus, no qual as popula\u00e7\u00f5es em situa\u00e7\u00e3o de vulnerabilidade social sofrem ainda mais, tendo direitos fundamentais, como o da seguran\u00e7a alimentar e o da educa\u00e7\u00e3o, amea\u00e7ados, ela destacou a relev\u00e2ncia de a sociedade colaborar com a Entidade. \u201c\u00c9 muito importante ajudar a LBV, todo mundo que tem condi\u00e7\u00f5es deve fazer isso, porque n\u00f3s estamos passando por um momento bastante dif\u00edcil, e a LBV salva vidas. Eu posso falar disso, porque a LBV salvou a minha vida!\u201d<\/p>\n<p style=\"text-align: justify;\">As hist\u00f3rias de atletas promissores e de outros que est\u00e3o iniciando sua jornada esportiva, para os quais a LBV faz grande diferen\u00e7a, tanto por incentiv\u00e1-los nesse caminho quanto por apoiar suas fam\u00edlias a vencer vulnerabilidades podem ser conferidas acessando www.lbv.org.<\/p>\n","protected":false},"excerpt":{"rendered":"<p>Apesar da pouca idade, apenas 20 anos, a piv\u00f4 Kamilla Cardoso j\u00e1 escreve uma hist\u00f3ria de sucesso nas quadras. Na&hellip;<\/p>\n","protected":false},"author":1,"featured_media":74671,"comment_status":"open","ping_status":"open","sticky":false,"template":"","format":"standard","meta":{"footnotes":""},"categories":[14120],"tags":[2,19532,3406,22777],"class_list":["post-74670","post","type-post","status-publish","format-standard","has-post-thumbnail","hentry","category-noticias","tag-blog-do-edvaldo-magalhaes","tag-blog-mais-acessado-e-visualizado-de-caruaru-e-regiao","tag-caruaru","tag-ex-atendida-pela-lbv-kamilla-cardoso-foi-destaque-na-estreia-na-selecao-brasileira-de-basquete"],"_links":{"self":[{"href":"https:\/\/blogdoedvaldomagalhaes.com.br\/index.php\/wp-json\/wp\/v2\/posts\/74670","targetHints":{"allow":["GET"]}}],"collection":[{"href":"https:\/\/blogdoedvaldomagalhaes.com.br\/index.php\/wp-json\/wp\/v2\/posts"}],"about":[{"href":"https:\/\/blogdoedvaldomagalhaes.com.br\/index.php\/wp-json\/wp\/v2\/types\/post"}],"author":[{"embeddable":true,"href":"https:\/\/blogdoedvaldomagalhaes.com.br\/index.php\/wp-json\/wp\/v2\/users\/1"}],"replies":[{"embeddable":true,"href":"https:\/\/blogdoedvaldomagalhaes.com.br\/index.php\/wp-json\/wp\/v2\/comments?post=74670"}],"version-history":[{"count":1,"href":"https:\/\/blogdoedvaldomagalhaes.com.br\/index.php\/wp-json\/wp\/v2\/posts\/74670\/revisions"}],"predecessor-version":[{"id":74672,"href":"https:\/\/blogdoedvaldomagalhaes.com.br\/index.php\/wp-json\/wp\/v2\/posts\/74670\/revisions\/74672"}],"wp:featuredmedia":[{"embeddable":true,"href":"https:\/\/blogdoedvaldomagalhaes.com.br\/index.php\/wp-json\/wp\/v2\/media\/74671"}],"wp:attachment":[{"href":"https:\/\/blogdoedvaldomagalhaes.com.br\/index.php\/wp-json\/wp\/v2\/media?parent=74670"}],"wp:term":[{"taxonomy":"category","embeddable":true,"href":"https:\/\/blogdoedvaldomagalhaes.com.br\/index.php\/wp-json\/wp\/v2\/categories?post=74670"},{"taxonomy":"post_tag","embeddable":true,"href":"https:\/\/blogdoedvaldomagalhaes.com.br\/index.php\/wp-json\/wp\/v2\/tags?post=74670"}],"curies":[{"name":"wp","href":"https:\/\/api.w.org\/{rel}","templated":true}]}}