{"id":74661,"date":"2021-09-13T14:51:24","date_gmt":"2021-09-13T17:51:24","guid":{"rendered":"https:\/\/blogdoedvaldomagalhaes.com.br\/?p=74661"},"modified":"2021-09-14T13:16:11","modified_gmt":"2021-09-14T16:16:11","slug":"confira-o-que-abre-e-fecha-em-caruaru-no-feriado-de-quarta-feira-15","status":"publish","type":"post","link":"https:\/\/blogdoedvaldomagalhaes.com.br\/index.php\/2021\/09\/13\/confira-o-que-abre-e-fecha-em-caruaru-no-feriado-de-quarta-feira-15\/","title":{"rendered":"Confira o que abre e fecha em Caruaru, no feriado de quarta-feira (15)"},"content":{"rendered":"<p style=\"text-align: justify;\"><span style=\"font-size: inherit;\">A Secretaria de Administra\u00e7\u00e3o de Caruaru (SAD), informa que, nesta quarta-feira (15), quando ser\u00e1 celebrado o Dia de Nossa Senhora das Dores, a padroeira de Caruaru, apenas os servi\u00e7os considerados essenciais estar\u00e3o operando na Prefeitura de Caruaru. A medida se d\u00e1 em cumprimento \u00e0 Lei municipal de n\u00ba 2.959, que estabelece feriado nos dias 15 de setembro, 18 de maio (anivers\u00e1rio da cidade), 24 de junho (Dia de S\u00e3o Jo\u00e3o) e na Sexta-feira Santa. Confira abaixo, o que abre e fecha:<\/span><\/p>\n<p style=\"text-align: justify;\">Secretaria de Sa\u00fade: O Centro Municipal de Vacina\u00e7\u00e3o Covid-19 estar\u00e1 funcionando normalmente. Os hospitais, UPAs e Samu estar\u00e3o operando nos sistemas de emerg\u00eancia e de urg\u00eancia. J\u00e1 as Unidades B\u00e1sicas de Sa\u00fade (UBS), Centros de Sa\u00fade (CS), assim como o Centro Municipal de Testagem, estar\u00e3o fechados.<\/p>\n<p style=\"text-align: justify;\">Secretaria de Desenvolvimento Social e Direitos Humanos: Plant\u00e3o do aux\u00edlio funeral pelos telefones 98384-2410 e 98384-3756, bem como atendimento \u00e0 popula\u00e7\u00e3o em situa\u00e7\u00e3o de rua no Acolhimento Adulto, que fica na Rua Alferes Jorge, Bairro Indian\u00f3polis.<\/p>\n<p style=\"text-align: justify;\">Secretaria de Pol\u00edtica para Mulheres: Plant\u00e3o do Centro de Refer\u00eancia da Mulher Maria Bonita (acolhimento de mulheres v\u00edtimas de viol\u00eancia) pelo telefone 98384-4310.<\/p>\n<p style=\"text-align: justify;\">Secretaria de Servi\u00e7os P\u00fablicos e Sustentabilidade: Os parques urbanos funcionar\u00e3o das 6h \u00e0s 17h, bem como o Parque Natural Professor Jo\u00e3o Vasconcelos Sobrinho (Serra dos Cavalos), das 9h \u00e0s 16h. A coleta de lixo, assim como as manuten\u00e7\u00f5es de ilumina\u00e7\u00e3o p\u00fablica e do Rio Ipojuca, acontecer\u00e1 normalmente.<\/p>\n<p style=\"text-align: justify;\">Ceaca (Central de Abastecimento de Caruaru): Expediente ocorrendo de forma habitual, da 0h at\u00e9 as 15h.<\/p>\n<p style=\"text-align: justify;\">As ag\u00eancias banc\u00e1rias e Correios n\u00e3o ir\u00e3o funcionar. Os atendimentos normais v\u00e3o retornar na quinta-feira (16).<\/p>\n<p style=\"text-align: justify;\">Farm\u00e1cias, postos de gasolina, padarias, supermercados, restaurantes, dentre outros servi\u00e7os considerados essenciais para popula\u00e7\u00e3o poder\u00e3o operar durante o feriado.<\/p>\n<p>Polo Caruaru estar\u00e1 aberto das 9h \u00e0s 18h.<\/p>\n<p style=\"text-align: justify;\">O Caruaru Shopping estar\u00e1 funcionando com hor\u00e1rio especial. As lojas \u00e2ncoras e sat\u00e9lites abrir\u00e3o das 10h \u00e0s 20h; alimenta\u00e7\u00e3o e lazer, das 11h \u00e0s 21h; o hipermercado, das 7h \u00e0s 21h, e a academia, das 9h \u00e0s 15h. O cinema estar\u00e1 funcionando conforme hor\u00e1rio de sess\u00e3o. A casa lot\u00e9rica estar\u00e1 funcionando.<\/p>\n<p style=\"text-align: justify;\"><span style=\"font-size: inherit;\">As lojas e quiosques do Shopping Difusora funcionar\u00e3o das 11h \u00e0s 20h.<\/span><span style=\"font-size: inherit;\">\u00a0 O Gran Circo Difusora no piso SS, Cinema no 3\u00ba Piso, gastronomia e compras, v\u00e3o funcionar normalmente. A casa lot\u00e9rica vai funcionar.<\/span><\/p>\n<p style=\"font-weight: 400; text-align: justify;\">De acordo com a CCT \u2013 Conven\u00e7\u00e3o Coletiva de Trabalho, o comercio de Caruaru poder\u00e1 determinar jornada de trabalho, desde que cumpra as Normas Coletivas firmadas entre SINDECC e os Sindicatos Patronais.<\/p>\n<p style=\"font-weight: 400; text-align: justify;\">As empresas que pretende abrir comunicaram aos dois sindicatos 48h antes do feriado pela plataforma do Sindloja no caso de comercio varejista, e de forma presencial no Sincata em se tratando de com\u00e9rcio atacadista, constando nomes na escala de trabalho e suas respectivas folgas at\u00e9 30 dias ap\u00f3s a data do feriado trabalhado, e ainda vale transporte e pagamento da ajuda de custo conforme valores informados abaixo:<\/p>\n<p style=\"font-weight: 400; text-align: justify;\">Para o com\u00e9rcio varejista e de autope\u00e7as:<\/p>\n<p style=\"font-weight: 400; text-align: justify;\">\u00a0Para empresas com at\u00e9 20 funcion\u00e1rios R$ 46,00<\/p>\n<p style=\"font-weight: 400; text-align: justify;\">\u00a0Para empresas a partir de 21 a 50 funcion\u00e1rios R$ 48,00<\/p>\n<p style=\"font-weight: 400; text-align: justify;\">\u00a0Para empresas a partir de 51 a 130 funcion\u00e1rios R$ 50,00<\/p>\n<p style=\"font-weight: 400; text-align: justify;\">\u00a0Para empresas a partir de 131 a 200 funcion\u00e1rios R$ 65,00<\/p>\n<p style=\"font-weight: 400; text-align: justify;\">\u00a0Para empresas a partir de 201 a 300 funcion\u00e1rios R$ 75,00<\/p>\n<p style=\"font-weight: 400; text-align: justify;\">\u00a0E para empresas com mais de 300 funcion\u00e1rios R$ 85,00<\/p>\n<p style=\"font-weight: 400; text-align: justify;\">Para o com\u00e9rcio atacadista:<\/p>\n<p style=\"font-weight: 400; text-align: justify;\">\u00a0As empresas do com\u00e9rcio atacadista pagam um valor de R$ 48,00<\/p>\n<p style=\"font-weight: 400; text-align: justify;\">Para que seja garantido os direitos dos comerci\u00e1rios(as), o SINDECC J\u00c1 REQUEREU FISCALIZA\u00c7\u00c3O junto a Gerencia Regional do Trabalho em Caruaru para garantir que seja cumprido o determinado no citado instrumento.<\/p>\n<p style=\"text-align: justify;\">Foto: PASCOM Diocese de Caruaru.<\/p>\n<p>Texto: Blog do Edvaldo Magalh\u00e3es.<\/p>\n<p style=\"font-weight: 400; text-align: justify;\">.<\/p>\n","protected":false},"excerpt":{"rendered":"<p>A Secretaria de Administra\u00e7\u00e3o de Caruaru (SAD), informa que, nesta quarta-feira (15), quando ser\u00e1 celebrado o Dia de Nossa Senhora&hellip;<\/p>\n","protected":false},"author":1,"featured_media":74662,"comment_status":"open","ping_status":"open","sticky":false,"template":"","format":"standard","meta":{"footnotes":""},"categories":[14120],"tags":[2,19532,3406,22776],"class_list":["post-74661","post","type-post","status-publish","format-standard","has-post-thumbnail","hentry","category-noticias","tag-blog-do-edvaldo-magalhaes","tag-blog-mais-acessado-e-visualizado-de-caruaru-e-regiao","tag-caruaru","tag-confira-o-que-abre-e-fecha-em-caruaru-no-feriado-de-quarta-feira-15"],"_links":{"self":[{"href":"https:\/\/blogdoedvaldomagalhaes.com.br\/index.php\/wp-json\/wp\/v2\/posts\/74661","targetHints":{"allow":["GET"]}}],"collection":[{"href":"https:\/\/blogdoedvaldomagalhaes.com.br\/index.php\/wp-json\/wp\/v2\/posts"}],"about":[{"href":"https:\/\/blogdoedvaldomagalhaes.com.br\/index.php\/wp-json\/wp\/v2\/types\/post"}],"author":[{"embeddable":true,"href":"https:\/\/blogdoedvaldomagalhaes.com.br\/index.php\/wp-json\/wp\/v2\/users\/1"}],"replies":[{"embeddable":true,"href":"https:\/\/blogdoedvaldomagalhaes.com.br\/index.php\/wp-json\/wp\/v2\/comments?post=74661"}],"version-history":[{"count":9,"href":"https:\/\/blogdoedvaldomagalhaes.com.br\/index.php\/wp-json\/wp\/v2\/posts\/74661\/revisions"}],"predecessor-version":[{"id":74707,"href":"https:\/\/blogdoedvaldomagalhaes.com.br\/index.php\/wp-json\/wp\/v2\/posts\/74661\/revisions\/74707"}],"wp:featuredmedia":[{"embeddable":true,"href":"https:\/\/blogdoedvaldomagalhaes.com.br\/index.php\/wp-json\/wp\/v2\/media\/74662"}],"wp:attachment":[{"href":"https:\/\/blogdoedvaldomagalhaes.com.br\/index.php\/wp-json\/wp\/v2\/media?parent=74661"}],"wp:term":[{"taxonomy":"category","embeddable":true,"href":"https:\/\/blogdoedvaldomagalhaes.com.br\/index.php\/wp-json\/wp\/v2\/categories?post=74661"},{"taxonomy":"post_tag","embeddable":true,"href":"https:\/\/blogdoedvaldomagalhaes.com.br\/index.php\/wp-json\/wp\/v2\/tags?post=74661"}],"curies":[{"name":"wp","href":"https:\/\/api.w.org\/{rel}","templated":true}]}}