{"id":74656,"date":"2021-09-13T14:39:18","date_gmt":"2021-09-13T17:39:18","guid":{"rendered":"https:\/\/blogdoedvaldomagalhaes.com.br\/?p=74656"},"modified":"2021-09-13T14:43:03","modified_gmt":"2021-09-13T17:43:03","slug":"em-um-dia-41-pessoas-sao-autuadas-por-alcoolemia-em-pernambuco","status":"publish","type":"post","link":"https:\/\/blogdoedvaldomagalhaes.com.br\/index.php\/2021\/09\/13\/em-um-dia-41-pessoas-sao-autuadas-por-alcoolemia-em-pernambuco\/","title":{"rendered":"Em um dia, 41 pessoas s\u00e3o autuadas por alcoolemia em Pernambuco"},"content":{"rendered":"<p style=\"text-align: justify;\"><span style=\"font-size: inherit;\">Uma fiscaliza\u00e7\u00e3o com foco no combate \u00e0 mistura de \u00e1lcool e dire\u00e7\u00e3o autuou 41 motoristas no domingo (12), nas principais rodovias federais que cortam Pernambuco. A iniciativa integra a\u00e7\u00f5es coordenadas de seguran\u00e7a vi\u00e1ria desenvolvidas pela Pol\u00edcia Rodovi\u00e1ria Federal (PRF), com a participa\u00e7\u00e3o da Pol\u00edcia Militar de Pernambuco(PMPE) e Opera\u00e7\u00e3o lei Seca (OLS).<\/span><\/p>\n<p style=\"text-align: justify;\">Al\u00e9m de Recife, as blitzes foram realizadas em Caruaru e Garanhuns, no Agreste, Serra Talhada, Salgueiro e Petrolina, no Sert\u00e3o. A quantidade de autua\u00e7\u00f5es emitidas equivale \u00e0 mesma quantidade verificada durante todo o per\u00edodo da Opera\u00e7\u00e3o Independ\u00eancia, realizada entre os dias 3 a 7 de setembro. Desse total, 36 foram por recusa em realizar o teste e cinco por constata\u00e7\u00e3o.<\/p>\n<p style=\"text-align: justify;\">A embriaguez ao volante prejudica o reflexo e a capacidade de rea\u00e7\u00e3o dos motorista, principalmente quando ele se depara com algum obst\u00e1culo \u00e0 frente do ve\u00edculo, o que aumenta o risco de acidentes graves. Os condutores flagrados sob efeito de \u00e1lcool est\u00e3o sujeitos a uma autua\u00e7\u00e3o no valor de R$2.934,70, sete pontos na Carteira Nacional de Habilita\u00e7\u00e3o (CNH) e suspens\u00e3o do direito de dirigir por 12 meses, al\u00e9m de serem encaminhados \u00e0 uma Delegacia de Pol\u00edcia Civil, se o \u00edndice aferido no teste for superior a 0,33mg\/l.<\/p>\n<p style=\"text-align: justify;\">Al\u00e9m do combate \u00e0 embriaguez ao volante, outras condutas imprudentes como as ultrapassagens em local proibido, falta de equipamentos obrigat\u00f3rios e uso irregular de motocicletas est\u00e3o no foco das a\u00e7\u00f5es de seguran\u00e7a vi\u00e1ria, que seguem at\u00e9 o final do ano nas rodovias federais de Pernambuco.<\/p>\n\n\n<figure class=\"wp-block-image size-large\"><img loading=\"lazy\" decoding=\"async\" width=\"1024\" height=\"769\" src=\"https:\/\/blogdoedvaldomagalhaes.com.br\/wp-content\/uploads\/2021\/09\/IMG-20210913-WA0213-1024x769.jpg\" alt=\"\" class=\"wp-image-74659\" srcset=\"https:\/\/blogdoedvaldomagalhaes.com.br\/wp-content\/uploads\/2021\/09\/IMG-20210913-WA0213-1024x769.jpg 1024w, https:\/\/blogdoedvaldomagalhaes.com.br\/wp-content\/uploads\/2021\/09\/IMG-20210913-WA0213-300x225.jpg 300w, https:\/\/blogdoedvaldomagalhaes.com.br\/wp-content\/uploads\/2021\/09\/IMG-20210913-WA0213-768x576.jpg 768w, https:\/\/blogdoedvaldomagalhaes.com.br\/wp-content\/uploads\/2021\/09\/IMG-20210913-WA0213-1536x1153.jpg 1536w, https:\/\/blogdoedvaldomagalhaes.com.br\/wp-content\/uploads\/2021\/09\/IMG-20210913-WA0213-160x120.jpg 160w, https:\/\/blogdoedvaldomagalhaes.com.br\/wp-content\/uploads\/2021\/09\/IMG-20210913-WA0213.jpg 1600w\" sizes=\"auto, (max-width: 1024px) 100vw, 1024px\" \/><figcaption>Fotos: PRF\/Divulga\u00e7\u00e3o<\/figcaption><\/figure>\n","protected":false},"excerpt":{"rendered":"<p>Uma fiscaliza\u00e7\u00e3o com foco no combate \u00e0 mistura de \u00e1lcool e dire\u00e7\u00e3o autuou 41 motoristas no domingo (12), nas principais&hellip;<\/p>\n","protected":false},"author":1,"featured_media":74657,"comment_status":"open","ping_status":"open","sticky":false,"template":"","format":"standard","meta":{"footnotes":""},"categories":[14121],"tags":[2,19532,3406,22775],"class_list":["post-74656","post","type-post","status-publish","format-standard","has-post-thumbnail","hentry","category-policial","tag-blog-do-edvaldo-magalhaes","tag-blog-mais-acessado-e-visualizado-de-caruaru-e-regiao","tag-caruaru","tag-em-um-dia-41-pessoas-sao-autuadas-por-alcoolemia-em-pernambuco"],"_links":{"self":[{"href":"https:\/\/blogdoedvaldomagalhaes.com.br\/index.php\/wp-json\/wp\/v2\/posts\/74656","targetHints":{"allow":["GET"]}}],"collection":[{"href":"https:\/\/blogdoedvaldomagalhaes.com.br\/index.php\/wp-json\/wp\/v2\/posts"}],"about":[{"href":"https:\/\/blogdoedvaldomagalhaes.com.br\/index.php\/wp-json\/wp\/v2\/types\/post"}],"author":[{"embeddable":true,"href":"https:\/\/blogdoedvaldomagalhaes.com.br\/index.php\/wp-json\/wp\/v2\/users\/1"}],"replies":[{"embeddable":true,"href":"https:\/\/blogdoedvaldomagalhaes.com.br\/index.php\/wp-json\/wp\/v2\/comments?post=74656"}],"version-history":[{"count":2,"href":"https:\/\/blogdoedvaldomagalhaes.com.br\/index.php\/wp-json\/wp\/v2\/posts\/74656\/revisions"}],"predecessor-version":[{"id":74660,"href":"https:\/\/blogdoedvaldomagalhaes.com.br\/index.php\/wp-json\/wp\/v2\/posts\/74656\/revisions\/74660"}],"wp:featuredmedia":[{"embeddable":true,"href":"https:\/\/blogdoedvaldomagalhaes.com.br\/index.php\/wp-json\/wp\/v2\/media\/74657"}],"wp:attachment":[{"href":"https:\/\/blogdoedvaldomagalhaes.com.br\/index.php\/wp-json\/wp\/v2\/media?parent=74656"}],"wp:term":[{"taxonomy":"category","embeddable":true,"href":"https:\/\/blogdoedvaldomagalhaes.com.br\/index.php\/wp-json\/wp\/v2\/categories?post=74656"},{"taxonomy":"post_tag","embeddable":true,"href":"https:\/\/blogdoedvaldomagalhaes.com.br\/index.php\/wp-json\/wp\/v2\/tags?post=74656"}],"curies":[{"name":"wp","href":"https:\/\/api.w.org\/{rel}","templated":true}]}}